{"id":9729,"date":"2020-02-10T21:28:51","date_gmt":"2020-02-10T21:28:51","guid":{"rendered":"https:\/\/rentalpanda.es\/?p=9729"},"modified":"2025-11-24T05:48:00","modified_gmt":"2025-11-24T05:48:00","slug":"autositze-mieten-mallorca","status":"publish","type":"post","link":"https:\/\/rentalpanda.es\/es\/autositze-mieten-mallorca\/","title":{"rendered":"Alquiler de Silla de Coche en Mallorca"},"content":{"rendered":"<p>Liebe Familien! Unsere wundersch\u00f6ne Insel Mallorca wird auch in diesem Jahr wieder zahllose G\u00e4ste aus Deutschland, \u00d6sterreich und der Schweiz anziehen \u2013 wir hier bei Rentalpanda nennen diese 3 Volksgruppen ausdr\u00fccklich, denn sie z\u00e4hlen zu unseren h\u00e4ufigsten Kunden! Aber vergessen wir nat\u00fcrlich auch nicht die lieben Engl\u00e4nder, Holl\u00e4nder, Schweden und D\u00e4nen zu erw\u00e4hnen, die uns auch sehr ans Herz gewachsen sind, und ebenso gerne Urlaub auf Mallorca machen...Wir freuen uns auf euch ALLE!<\/p>\n<p>Aber kommen wir mal wieder auf das eigentliche Thema: das Mieten bzw. Ausleihen von &#x1f449; <a href=\"https:\/\/rentalpanda.es\/es\/coche-silla-infantil-a-partir-de-3-anos\/\">el alquiler de sillas infantiles (a partir de 3 a\u00f1os)<\/a>sillas de coche y cochecitos en Mallorca. S\u00ed, \u00a1es todo un tema! Con los a\u00f1os, en Rentalpanda hemos aprendido mucho gracias a nuestra experiencia, y hay algo que ya sabemos bien: la mayor\u00eda de las empresas de alquiler de coches en Mallorca no se esfuerzan demasiado en ofrecer sillas de coche de buena calidad para beb\u00e9s y ni\u00f1os.<\/p>\n<p>Normalmente disponen solo de modelos muy b\u00e1sicos, sin prestar atenci\u00f3n al confort ni a la seguridad. \u00bfSillas a contramarcha o con Isofix? \u00a1Ni hablar! Y lo peor: adem\u00e1s de la baja calidad, los precios diarios suelen ser exageradamente altos. Y no hablamos solo de empresas como OK Cars, ClickRent, Goldcar, Record o Interrent, sino tambi\u00e9n de las m\u00e1s conocidas, como Sixt, Europcar o Hertz, que aplican tarifas adicionales muy elevadas por las sillas infantiles.<\/p>\n<p>Por eso, nuestra recomendaci\u00f3n (\u00a1y s\u00ed, nos ponemos en primer plano con toda la raz\u00f3n \u2013 basta ver nuestras rese\u00f1as de 5 estrellas en Facebook!) es muy sencilla:\n\ud83d\udc49 Alquila tus sillas de coche, elevadores, sillas a contramarcha y sistemas Isofix directamente con Rentalpanda Mallorca.\n\nNos centramos en lo que realmente importa a las familias con ni\u00f1os de vacaciones: seguridad, comodidad y un servicio amable a precios justos.\nY no lo olvides: tambi\u00e9n puedes alquilar cochecitos, buggies y portabeb\u00e9s, con entrega y recogida en el Aeropuerto de Palma o en tu empresa de alquiler de coches.\n\n\u00a1Nos vemos muy pronto en Mallorca!\nEl equipo de Rentalpanda.es \ud83d\udc3c\u2600\ufe0f<\/p>","protected":false},"excerpt":{"rendered":"<p>Liebe Familien! Unsere wundersch\u00f6ne Insel Mallorca wird auch in diesem Jahr wieder zahllose G\u00e4ste aus Deutschland, \u00d6sterreich und der Schweiz anziehen \u2013 wir hier bei Rentalpanda nennen diese 3 Volksgruppen ausdr\u00fccklich, denn sie z\u00e4hlen zu unseren h\u00e4ufigsten Kunden! Aber vergessen wir nat\u00fcrlich auch nicht die lieben Engl\u00e4nder, Holl\u00e4nder, Schweden und D\u00e4nen zu erw\u00e4hnen, die uns [&hellip;]<\/p>\n","protected":false},"author":1,"featured_media":12190,"comment_status":"open","ping_status":"open","sticky":false,"template":"","format":"standard","meta":{"footnotes":""},"categories":[529],"tags":[],"class_list":["post-9729","post","type-post","status-publish","format-standard","has-post-thumbnail","hentry","category-autositz-mieten-mallorca"],"featured_image_src":{"landsacpe":["https:\/\/rentalpanda.es\/wp-content\/uploads\/2020\/02\/autositze-mieten-mallorca.jpg",500,314,false],"list":["https:\/\/rentalpanda.es\/wp-content\/uploads\/2020\/02\/autositze-mieten-mallorca-463x314.jpg",463,314,true],"medium":["https:\/\/rentalpanda.es\/wp-content\/uploads\/2020\/02\/autositze-mieten-mallorca-300x188.jpg",300,188,true],"full":["https:\/\/rentalpanda.es\/wp-content\/uploads\/2020\/02\/autositze-mieten-mallorca.jpg",500,314,false]},"yoast_head":"<!-- This site is optimized with the Yoast SEO plugin v27.1.1 - https:\/\/yoast.com\/product\/yoast-seo-wordpress\/ -->\n<title>Autositze mieten auf Mallorca - Nat\u00fcrlich bei Rentalpanda.es!<\/title>\n<meta name=\"description\" content=\"Bei RentalPanda bekommen Sie nicht nur hochwertige Autositze zum Mieten, sondern auch noch freundliches Personal und absolut faire Preise ;-)\" \/>\n<meta name=\"robots\" content=\"index, follow, max-snippet:-1, max-image-preview:large, max-video-preview:-1\" \/>\n<link rel=\"canonical\" href=\"https:\/\/rentalpanda.es\/es\/autositze-mieten-mallorca\/\" \/>\n<meta property=\"og:locale\" content=\"es_ES\" \/>\n<meta property=\"og:type\" content=\"article\" \/>\n<meta property=\"og:title\" content=\"Autositze mieten auf Mallorca - Nat\u00fcrlich bei Rentalpanda.es!\" \/>\n<meta property=\"og:description\" content=\"Bei RentalPanda bekommen Sie nicht nur hochwertige Autositze zum Mieten, sondern auch noch freundliches Personal und absolut faire Preise ;-)\" \/>\n<meta property=\"og:url\" content=\"https:\/\/rentalpanda.es\/es\/autositze-mieten-mallorca\/\" \/>\n<meta property=\"og:site_name\" content=\"RentalPanda.es\" \/>\n<meta property=\"article:publisher\" content=\"https:\/\/www.facebook.com\/rentalpandamallorca\" \/>\n<meta property=\"article:published_time\" content=\"2020-02-10T21:28:51+00:00\" \/>\n<meta property=\"article:modified_time\" content=\"2025-11-24T05:48:00+00:00\" \/>\n<meta property=\"og:image\" content=\"https:\/\/rentalpanda.es\/wp-content\/uploads\/2020\/02\/autositze-mieten-mallorca.jpg\" \/>\n\t<meta property=\"og:image:width\" content=\"500\" \/>\n\t<meta property=\"og:image:height\" content=\"314\" \/>\n\t<meta property=\"og:image:type\" content=\"image\/jpeg\" \/>\n<meta name=\"author\" content=\"rentalpanda\" \/>\n<meta name=\"twitter:card\" content=\"summary_large_image\" \/>\n<meta name=\"twitter:label1\" content=\"Escrito por\" \/>\n\t<meta name=\"twitter:data1\" content=\"rentalpanda\" \/>\n\t<meta name=\"twitter:label2\" content=\"Tiempo de lectura\" \/>\n\t<meta name=\"twitter:data2\" content=\"2 minutos\" \/>\n<script type=\"application\/ld+json\" class=\"yoast-schema-graph\">{\"@context\":\"https:\/\/schema.org\",\"@graph\":[{\"@type\":\"Article\",\"@id\":\"https:\/\/rentalpanda.es\/autositze-mieten-mallorca\/#article\",\"isPartOf\":{\"@id\":\"https:\/\/rentalpanda.es\/autositze-mieten-mallorca\/\"},\"author\":{\"name\":\"rentalpanda\",\"@id\":\"https:\/\/rentalpanda.es\/en\/#\/schema\/person\/da549bbd7f004e5c08bf3d1df1421606\"},\"headline\":\"Autositze mieten auf Mallorca\",\"datePublished\":\"2020-02-10T21:28:51+00:00\",\"dateModified\":\"2025-11-24T05:48:00+00:00\",\"mainEntityOfPage\":{\"@id\":\"https:\/\/rentalpanda.es\/autositze-mieten-mallorca\/\"},\"wordCount\":351,\"commentCount\":0,\"publisher\":{\"@id\":\"https:\/\/rentalpanda.es\/en\/#organization\"},\"image\":{\"@id\":\"https:\/\/rentalpanda.es\/autositze-mieten-mallorca\/#primaryimage\"},\"thumbnailUrl\":\"https:\/\/rentalpanda.es\/wp-content\/uploads\/2020\/02\/autositze-mieten-mallorca.jpg\",\"articleSection\":[\"Autositz mieten Mallorca\"],\"inLanguage\":\"es\",\"potentialAction\":[{\"@type\":\"CommentAction\",\"name\":\"Comment\",\"target\":[\"https:\/\/rentalpanda.es\/autositze-mieten-mallorca\/#respond\"]}]},{\"@type\":\"WebPage\",\"@id\":\"https:\/\/rentalpanda.es\/autositze-mieten-mallorca\/\",\"url\":\"https:\/\/rentalpanda.es\/autositze-mieten-mallorca\/\",\"name\":\"Autositze mieten auf Mallorca - Nat\u00fcrlich bei Rentalpanda.es!\",\"isPartOf\":{\"@id\":\"https:\/\/rentalpanda.es\/en\/#website\"},\"primaryImageOfPage\":{\"@id\":\"https:\/\/rentalpanda.es\/autositze-mieten-mallorca\/#primaryimage\"},\"image\":{\"@id\":\"https:\/\/rentalpanda.es\/autositze-mieten-mallorca\/#primaryimage\"},\"thumbnailUrl\":\"https:\/\/rentalpanda.es\/wp-content\/uploads\/2020\/02\/autositze-mieten-mallorca.jpg\",\"datePublished\":\"2020-02-10T21:28:51+00:00\",\"dateModified\":\"2025-11-24T05:48:00+00:00\",\"description\":\"Bei RentalPanda bekommen Sie nicht nur hochwertige Autositze zum Mieten, sondern auch noch freundliches Personal und absolut faire Preise ;-)\",\"breadcrumb\":{\"@id\":\"https:\/\/rentalpanda.es\/autositze-mieten-mallorca\/#breadcrumb\"},\"inLanguage\":\"es\",\"potentialAction\":[{\"@type\":\"ReadAction\",\"target\":[\"https:\/\/rentalpanda.es\/autositze-mieten-mallorca\/\"]}]},{\"@type\":\"ImageObject\",\"inLanguage\":\"es\",\"@id\":\"https:\/\/rentalpanda.es\/autositze-mieten-mallorca\/#primaryimage\",\"url\":\"https:\/\/rentalpanda.es\/wp-content\/uploads\/2020\/02\/autositze-mieten-mallorca.jpg\",\"contentUrl\":\"https:\/\/rentalpanda.es\/wp-content\/uploads\/2020\/02\/autositze-mieten-mallorca.jpg\",\"width\":500,\"height\":314,\"caption\":\"autositze mieten mallorca\"},{\"@type\":\"BreadcrumbList\",\"@id\":\"https:\/\/rentalpanda.es\/autositze-mieten-mallorca\/#breadcrumb\",\"itemListElement\":[{\"@type\":\"ListItem\",\"position\":1,\"name\":\"Startseite\",\"item\":\"https:\/\/rentalpanda.es\/\"},{\"@type\":\"ListItem\",\"position\":2,\"name\":\"Autositze mieten auf Mallorca\"}]},{\"@type\":\"WebSite\",\"@id\":\"https:\/\/rentalpanda.es\/en\/#website\",\"url\":\"https:\/\/rentalpanda.es\/en\/\",\"name\":\"RentalPanda.es\",\"description\":\"Baby, Beach &amp; Holiday Gear for Rent\",\"publisher\":{\"@id\":\"https:\/\/rentalpanda.es\/en\/#organization\"},\"potentialAction\":[{\"@type\":\"SearchAction\",\"target\":{\"@type\":\"EntryPoint\",\"urlTemplate\":\"https:\/\/rentalpanda.es\/en\/?s={search_term_string}\"},\"query-input\":{\"@type\":\"PropertyValueSpecification\",\"valueRequired\":true,\"valueName\":\"search_term_string\"}}],\"inLanguage\":\"es\"},{\"@type\":\"Organization\",\"@id\":\"https:\/\/rentalpanda.es\/en\/#organization\",\"name\":\"Rentalpanda.es\",\"url\":\"https:\/\/rentalpanda.es\/en\/\",\"logo\":{\"@type\":\"ImageObject\",\"inLanguage\":\"es\",\"@id\":\"https:\/\/rentalpanda.es\/en\/#\/schema\/logo\/image\/\",\"url\":\"https:\/\/rentalpanda.es\/wp-content\/uploads\/2017\/02\/rentalpanda-logo-webseite-end.png\",\"contentUrl\":\"https:\/\/rentalpanda.es\/wp-content\/uploads\/2017\/02\/rentalpanda-logo-webseite-end.png\",\"width\":260,\"height\":71,\"caption\":\"Rentalpanda.es\"},\"image\":{\"@id\":\"https:\/\/rentalpanda.es\/en\/#\/schema\/logo\/image\/\"},\"sameAs\":[\"https:\/\/www.facebook.com\/rentalpandamallorca\"]},{\"@type\":\"Person\",\"@id\":\"https:\/\/rentalpanda.es\/en\/#\/schema\/person\/da549bbd7f004e5c08bf3d1df1421606\",\"name\":\"rentalpanda\",\"image\":{\"@type\":\"ImageObject\",\"inLanguage\":\"es\",\"@id\":\"https:\/\/rentalpanda.es\/en\/#\/schema\/person\/image\/\",\"url\":\"https:\/\/rentalpanda.es\/wp-content\/litespeed\/avatar\/4a21927017bb45e230ffe8bbf21ba94d.jpg?ver=1776912473\",\"contentUrl\":\"https:\/\/rentalpanda.es\/wp-content\/litespeed\/avatar\/4a21927017bb45e230ffe8bbf21ba94d.jpg?ver=1776912473\",\"caption\":\"rentalpanda\"}}]}<\/script>\n<!-- \/ Yoast SEO plugin. -->","yoast_head_json":{"title":"Autositze mieten auf Mallorca - Nat\u00fcrlich bei Rentalpanda.es!","description":"Bei RentalPanda bekommen Sie nicht nur hochwertige Autositze zum Mieten, sondern auch noch freundliches Personal und absolut faire Preise ;-)","robots":{"index":"index","follow":"follow","max-snippet":"max-snippet:-1","max-image-preview":"max-image-preview:large","max-video-preview":"max-video-preview:-1"},"canonical":"https:\/\/rentalpanda.es\/es\/autositze-mieten-mallorca\/","og_locale":"es_ES","og_type":"article","og_title":"Autositze mieten auf Mallorca - Nat\u00fcrlich bei Rentalpanda.es!","og_description":"Bei RentalPanda bekommen Sie nicht nur hochwertige Autositze zum Mieten, sondern auch noch freundliches Personal und absolut faire Preise ;-)","og_url":"https:\/\/rentalpanda.es\/es\/autositze-mieten-mallorca\/","og_site_name":"RentalPanda.es","article_publisher":"https:\/\/www.facebook.com\/rentalpandamallorca","article_published_time":"2020-02-10T21:28:51+00:00","article_modified_time":"2025-11-24T05:48:00+00:00","og_image":[{"width":500,"height":314,"url":"https:\/\/rentalpanda.es\/wp-content\/uploads\/2020\/02\/autositze-mieten-mallorca.jpg","type":"image\/jpeg"}],"author":"rentalpanda","twitter_card":"summary_large_image","twitter_misc":{"Escrito por":"rentalpanda","Tiempo de lectura":"2 minutos"},"schema":{"@context":"https:\/\/schema.org","@graph":[{"@type":"Article","@id":"https:\/\/rentalpanda.es\/autositze-mieten-mallorca\/#article","isPartOf":{"@id":"https:\/\/rentalpanda.es\/autositze-mieten-mallorca\/"},"author":{"name":"rentalpanda","@id":"https:\/\/rentalpanda.es\/en\/#\/schema\/person\/da549bbd7f004e5c08bf3d1df1421606"},"headline":"Autositze mieten auf Mallorca","datePublished":"2020-02-10T21:28:51+00:00","dateModified":"2025-11-24T05:48:00+00:00","mainEntityOfPage":{"@id":"https:\/\/rentalpanda.es\/autositze-mieten-mallorca\/"},"wordCount":351,"commentCount":0,"publisher":{"@id":"https:\/\/rentalpanda.es\/en\/#organization"},"image":{"@id":"https:\/\/rentalpanda.es\/autositze-mieten-mallorca\/#primaryimage"},"thumbnailUrl":"https:\/\/rentalpanda.es\/wp-content\/uploads\/2020\/02\/autositze-mieten-mallorca.jpg","articleSection":["Autositz mieten Mallorca"],"inLanguage":"es","potentialAction":[{"@type":"CommentAction","name":"Comment","target":["https:\/\/rentalpanda.es\/autositze-mieten-mallorca\/#respond"]}]},{"@type":"WebPage","@id":"https:\/\/rentalpanda.es\/autositze-mieten-mallorca\/","url":"https:\/\/rentalpanda.es\/autositze-mieten-mallorca\/","name":"Autositze mieten auf Mallorca - Nat\u00fcrlich bei Rentalpanda.es!","isPartOf":{"@id":"https:\/\/rentalpanda.es\/en\/#website"},"primaryImageOfPage":{"@id":"https:\/\/rentalpanda.es\/autositze-mieten-mallorca\/#primaryimage"},"image":{"@id":"https:\/\/rentalpanda.es\/autositze-mieten-mallorca\/#primaryimage"},"thumbnailUrl":"https:\/\/rentalpanda.es\/wp-content\/uploads\/2020\/02\/autositze-mieten-mallorca.jpg","datePublished":"2020-02-10T21:28:51+00:00","dateModified":"2025-11-24T05:48:00+00:00","description":"Bei RentalPanda bekommen Sie nicht nur hochwertige Autositze zum Mieten, sondern auch noch freundliches Personal und absolut faire Preise ;-)","breadcrumb":{"@id":"https:\/\/rentalpanda.es\/autositze-mieten-mallorca\/#breadcrumb"},"inLanguage":"es","potentialAction":[{"@type":"ReadAction","target":["https:\/\/rentalpanda.es\/autositze-mieten-mallorca\/"]}]},{"@type":"ImageObject","inLanguage":"es","@id":"https:\/\/rentalpanda.es\/autositze-mieten-mallorca\/#primaryimage","url":"https:\/\/rentalpanda.es\/wp-content\/uploads\/2020\/02\/autositze-mieten-mallorca.jpg","contentUrl":"https:\/\/rentalpanda.es\/wp-content\/uploads\/2020\/02\/autositze-mieten-mallorca.jpg","width":500,"height":314,"caption":"autositze mieten mallorca"},{"@type":"BreadcrumbList","@id":"https:\/\/rentalpanda.es\/autositze-mieten-mallorca\/#breadcrumb","itemListElement":[{"@type":"ListItem","position":1,"name":"Startseite","item":"https:\/\/rentalpanda.es\/"},{"@type":"ListItem","position":2,"name":"Autositze mieten auf Mallorca"}]},{"@type":"WebSite","@id":"https:\/\/rentalpanda.es\/en\/#website","url":"https:\/\/rentalpanda.es\/en\/","name":"RentalPanda.es","description":"Baby, Beach &amp; Holiday Gear for Rent","publisher":{"@id":"https:\/\/rentalpanda.es\/en\/#organization"},"potentialAction":[{"@type":"SearchAction","target":{"@type":"EntryPoint","urlTemplate":"https:\/\/rentalpanda.es\/en\/?s={search_term_string}"},"query-input":{"@type":"PropertyValueSpecification","valueRequired":true,"valueName":"search_term_string"}}],"inLanguage":"es"},{"@type":"Organization","@id":"https:\/\/rentalpanda.es\/en\/#organization","name":"Rentalpanda.es","url":"https:\/\/rentalpanda.es\/en\/","logo":{"@type":"ImageObject","inLanguage":"es","@id":"https:\/\/rentalpanda.es\/en\/#\/schema\/logo\/image\/","url":"https:\/\/rentalpanda.es\/wp-content\/uploads\/2017\/02\/rentalpanda-logo-webseite-end.png","contentUrl":"https:\/\/rentalpanda.es\/wp-content\/uploads\/2017\/02\/rentalpanda-logo-webseite-end.png","width":260,"height":71,"caption":"Rentalpanda.es"},"image":{"@id":"https:\/\/rentalpanda.es\/en\/#\/schema\/logo\/image\/"},"sameAs":["https:\/\/www.facebook.com\/rentalpandamallorca"]},{"@type":"Person","@id":"https:\/\/rentalpanda.es\/en\/#\/schema\/person\/da549bbd7f004e5c08bf3d1df1421606","name":"rentalpanda","image":{"@type":"ImageObject","inLanguage":"es","@id":"https:\/\/rentalpanda.es\/en\/#\/schema\/person\/image\/","url":"https:\/\/rentalpanda.es\/wp-content\/litespeed\/avatar\/4a21927017bb45e230ffe8bbf21ba94d.jpg?ver=1776912473","contentUrl":"https:\/\/rentalpanda.es\/wp-content\/litespeed\/avatar\/4a21927017bb45e230ffe8bbf21ba94d.jpg?ver=1776912473","caption":"rentalpanda"}}]}},"_links":{"self":[{"href":"https:\/\/rentalpanda.es\/es\/wp-json\/wp\/v2\/posts\/9729","targetHints":{"allow":["GET"]}}],"collection":[{"href":"https:\/\/rentalpanda.es\/es\/wp-json\/wp\/v2\/posts"}],"about":[{"href":"https:\/\/rentalpanda.es\/es\/wp-json\/wp\/v2\/types\/post"}],"author":[{"embeddable":true,"href":"https:\/\/rentalpanda.es\/es\/wp-json\/wp\/v2\/users\/1"}],"replies":[{"embeddable":true,"href":"https:\/\/rentalpanda.es\/es\/wp-json\/wp\/v2\/comments?post=9729"}],"version-history":[{"count":3,"href":"https:\/\/rentalpanda.es\/es\/wp-json\/wp\/v2\/posts\/9729\/revisions"}],"predecessor-version":[{"id":22604,"href":"https:\/\/rentalpanda.es\/es\/wp-json\/wp\/v2\/posts\/9729\/revisions\/22604"}],"wp:featuredmedia":[{"embeddable":true,"href":"https:\/\/rentalpanda.es\/es\/wp-json\/wp\/v2\/media\/12190"}],"wp:attachment":[{"href":"https:\/\/rentalpanda.es\/es\/wp-json\/wp\/v2\/media?parent=9729"}],"wp:term":[{"taxonomy":"category","embeddable":true,"href":"https:\/\/rentalpanda.es\/es\/wp-json\/wp\/v2\/categories?post=9729"},{"taxonomy":"post_tag","embeddable":true,"href":"https:\/\/rentalpanda.es\/es\/wp-json\/wp\/v2\/tags?post=9729"}],"curies":[{"name":"wp","href":"https:\/\/api.w.org\/{rel}","templated":true}]}}