{"id":17125,"date":"2024-07-09T05:42:36","date_gmt":"2024-07-09T05:42:36","guid":{"rendered":"https:\/\/rentalpanda.es\/?p=17125"},"modified":"2026-02-24T06:25:06","modified_gmt":"2026-02-24T06:25:06","slug":"mallorca-alquiler-silla-de-ruedas","status":"publish","type":"post","link":"https:\/\/rentalpanda.es\/es\/rollstuhl-vermietung-mallorca\/","title":{"rendered":"Alquiler de Sillas de Ruedas en Mallorca: \u00a1Mejor Alquilar que Traer la Tuya!"},"content":{"rendered":"<p>\u00bfEst\u00e1s planeando un viaje a Mallorca y te preocupa c\u00f3mo desplazarte? Tranquilo: esta espectacular isla mediterr\u00e1nea tambi\u00e9n se puede disfrutar al m\u00e1ximo aunque tengas movilidad reducida. Con un buen servicio de alquiler de sillas de ruedas en Mallorca, podr\u00e1s vivir unas vacaciones accesibles, c\u00f3modas y sin complicaciones desde el primer d\u00eda. Playas paradis\u00edacas, cascos antiguos con encanto y paseos mar\u00edtimos impresionantes estar\u00e1n a tu alcance con total libertad.<\/p>\n\n\n\n<p>El alquiler de equipos de movilidad en Mallorca te permite viajar sin cargar con aparatos voluminosos y, aun as\u00ed, moverte con autonom\u00eda y seguridad. Descubre la isla a tu ritmo y disfruta de unas vacaciones accesibles en Mallorca llenas de experiencias inolvidables.<\/p>\n\n\n<div class=\"wp-block-image is-style-rounded\">\n<figure class=\"aligncenter size-full is-resized\"><img decoding=\"async\" width=\"500\" height=\"334\" src=\"https:\/\/rentalpanda.es\/wp-content\/uploads\/2024\/07\/rollstuhl_vermietung_mallorca.jpg\" alt=\"rollstuhl_vermietung_mallorca\" class=\"wp-image-17126\" style=\"width:500px;height:auto\" srcset=\"https:\/\/rentalpanda.es\/wp-content\/uploads\/2024\/07\/rollstuhl_vermietung_mallorca.jpg 500w, https:\/\/rentalpanda.es\/wp-content\/uploads\/2024\/07\/rollstuhl_vermietung_mallorca-400x267.jpg 400w\" sizes=\"(max-width: 500px) 100vw, 500px\" \/><\/figure>\n<\/div>\n\n\n<h3 class=\"wp-block-heading\">Lo M\u00e1s Importante en Resumen:<\/h3>\n\n\n\n<ul class=\"wp-block-list\">\n<li>Alquila una silla de ruedas en Palma de Mallorca desde solo 5,00 \u20ac al d\u00eda.<\/li>\n\n\n\n<li>Servicio de entrega y recogida disponible, incluyendo entrega en el aeropuerto de Mallorca.<\/li>\n\n\n\n<li>Descubre los impresionantes lugares de Mallorca sin preocuparte por la accesibilidad.<\/li>\n\n\n\n<li>Encuentra ayudas adicionales de movilidad para disfrutar de unas vacaciones a\u00fan m\u00e1s c\u00f3modas.<\/li>\n\n\n\n<li>Haz que tu viaje sea realmente inolvidable con el alquiler de sillas de ruedas en Mallorca.<\/li>\n<\/ul>\n\n\n\n<p><\/p>\n\n\n\n<h2 class=\"wp-block-heading\">Diferentes Tipos de Sillas de Ruedas<\/h2>\n\n\n\n<p>En Mallorca puedes alquilar varios tipos de sillas de ruedas. Puedes elegir entre sillas de ruedas manuales, que se impulsan por uno mismo, sillas bari\u00e1tricas para personas de m\u00e1s de 100 kg, o sillas de ruedas el\u00e9ctricas para mayor comodidad. Normalmente cuentan con ruedas grandes traseras para autopropulsi\u00f3n y ruedas delanteras peque\u00f1as que garantizan una excelente maniobrabilidad.<\/p>\n\n\n\n<p><strong><em>\ud83d\udc49 <a href=\"https:\/\/rentalpanda.es\/es\/mallorca-con-ninos\/\">Mallorca con Ni\u00f1os<\/a>: \u00a1Los mejores planes y excursiones en familia!<\/em><\/strong><\/p>\n\n\n\n<p>Si buscas libertad total e independencia, el alquiler de silla de ruedas manual en Mallorca es una opci\u00f3n ideal. Son ligeras, f\u00e1ciles de manejar y perfectas para moverte con autonom\u00eda mientras exploras la isla a tu ritmo.<\/p>\n\n\n\n<p>Si tienes una complexi\u00f3n m\u00e1s robusta y necesitas ayuda para que te empujen, una <strong><a href=\"https:\/\/www.der-querschnitt.de\/archive\/45990\" target=\"_blank\" rel=\"noreferrer noopener\">silla de ruedas bari\u00e1trica en Mallorca<\/a><\/strong> puede ser la mejor elecci\u00f3n. Dise\u00f1ada para personas de m\u00e1s de 100 kg, ofrece mayor espacio y una estructura especialmente resistente. As\u00ed disfrutar\u00e1s de la comodidad y seguridad que necesitas durante tus vacaciones.<\/p>\n\n\n\n<p>\u00bfO prefieres la comodidad de una silla de ruedas el\u00e9ctrica, tambi\u00e9n conocida como scooter de movilidad en Mallorca? Estos scooters el\u00e9ctricos funcionan con motor, por lo que no tendr\u00e1s que impulsarte ni hacer esfuerzo con los brazos. De esta manera podr\u00e1s recorrer la isla sin cansarte.<\/p>\n\n\n\n<p>\ud83d\udc49 \u00a1NO LO OLVIDES:<strong> <a href=\"https:\/\/rentalpanda.es\/es\/\">Alquila asientos infantiles econ\u00f3micos<\/a> o un <a href=\"https:\/\/rentalpanda.es\/es\/alquilar-carrito-en-vacaciones\/\">Carrito de Beb\u00e9<\/a> en Mallorca con RentalPanda!<\/strong><\/p>\n\n\n\n<h2 class=\"wp-block-heading\">Ayudas de Movilidad Adicionales en Mallorca<\/h2>\n\n\n\n<p>Adem\u00e1s del alquiler de sillas de ruedas en Mallorca, tambi\u00e9n puedes alquilar otras ayudas t\u00e9cnicas como Scooters de movilidad \/ sillas el\u00e9ctricas, <a href=\"https:\/\/rentalpanda.es\/es\/producto\/andador-ortopedico-plegable\/\">Andador Ortop\u00e9dico Plegable con Ruedas<\/a>, sillas de ducha, <a href=\"https:\/\/rentalpanda.es\/es\/producto\/alquiler-de-muletas\/\">alquiler de muletas en Mallorca<\/a> y bastones.<\/p>\n\n\n\n<p><strong>Un scooter de movilidad en Palma de Mallorca<\/strong> es perfecto si necesitas desplazarte pero no puedes caminar largas distancias. Con \u00e9l podr\u00e1s recorrer f\u00e1cilmente las bonitas calles de Palma o visitar los principales atractivos tur\u00edsticos de la isla. Adem\u00e1s, <a href=\"https:\/\/www.adac.de\/rund-ums-fahrzeug\/elektromobilitaet\/e-kleinstfahrzeuge\/e-scooter-test\/\" target=\"_blank\" rel=\"noreferrer noopener\">scooters de movilidad<\/a> son muy f\u00e1ciles de manejar incluso en zonas concurridas.<\/p>\n\n\n\n<p>Una <strong>Anador con Ruedas en Mallorca<\/strong> es ideal si necesitas un poco de apoyo al caminar o tienes problemas de equilibrio. Proporciona estabilidad y seguridad sin limitar tu libertad de movimiento. Es perfecto para pasear por la playa o descubrir los encantadores pueblos mallorquines.<\/p>\n\n\n\n<p><strong>El alquiler de silla de ducha en Mallorca<\/strong> es imprescindible para quienes necesitan mayor seguridad al ba\u00f1arse. Son regulables en altura, cuentan con base antideslizante y ofrecen comodidad y tranquilidad durante tu estancia.<\/p>\n\n\n\n<p>Si te est\u00e1s recuperando de una lesi\u00f3n deportiva, una operaci\u00f3n o simplemente tienes dificultades para caminar, el <strong>alquiler de muletas en Mallorca<\/strong> puede ayudarte enormemente. As\u00ed podr\u00e1s seguir disfrutando de actividades como visitar mercados locales o dar paseos suaves mientras te recuperas.<\/p>\n\n\n\n<p><strong>Bastones <\/strong>te ayudan a mantener el equilibrio y a reducir la carga sobre las piernas. Son muy \u00fatiles en terrenos irregulares o para caminatas ligeras. Gracias a su altura ajustable, son perfectos para cualquier actividad al aire libre en la isla.<\/p>\n\n\n<div class=\"wp-block-image is-style-rounded\">\n<figure class=\"aligncenter size-full is-resized\"><img decoding=\"async\" width=\"500\" height=\"334\" src=\"https:\/\/rentalpanda.es\/wp-content\/uploads\/2024\/07\/rollstuhl_ausleihen_mallorca.jpg\" alt=\"rollstuhl_ausleihen_mallorca\" class=\"wp-image-17150\" style=\"width:500px;height:auto\" srcset=\"https:\/\/rentalpanda.es\/wp-content\/uploads\/2024\/07\/rollstuhl_ausleihen_mallorca.jpg 500w, https:\/\/rentalpanda.es\/wp-content\/uploads\/2024\/07\/rollstuhl_ausleihen_mallorca-400x267.jpg 400w\" sizes=\"(max-width: 500px) 100vw, 500px\" \/><\/figure>\n<\/div>\n\n\n<h3 class=\"wp-block-heading\">Accesible e Independiente en Mallorca<\/h3>\n\n\n\n<p>Las ayudas de movilidad son imprescindibles para cualquier persona que necesite apoyo para desplazarse por Mallorca. Ofrecen asistencia al caminar, en la playa y durante excursiones por la isla. Con soluciones pr\u00e1cticas como scooters de movilidad en Mallorca, alquiler de sillas de ruedas en Palma de Mallorca o alquiler de muletas, podr\u00e1s disfrutar de tus vacaciones al m\u00e1ximo. Estas ayudas te dan la libertad de descubrir la belleza de la isla a tu propio ritmo, con comodidad, seguridad e independencia.<\/p>\n\n\n\n<p><strong>\ud83d\udc49 <\/strong>Quieres<strong> <a href=\"https:\/\/rentalpanda.es\/es\/viajar-a-mallorca-en-coche\/\">VIAJAR A MALLORCA EN COCHE<\/a> <\/strong>?<\/p>\n\n\n\n<h2 class=\"wp-block-heading\">Lugares Interesantes que Puedes Descubrir en Palma de Mallorca<\/h2>\n\n\n\n<p>Palma de Mallorca es la animada capital de la isla y tiene much\u00edsimo que ofrecer. Es el lugar perfecto tanto si te apasiona la historia como la naturaleza o la deliciosa gastronom\u00eda mediterr\u00e1nea. Cada rinc\u00f3n de la ciudad tiene algo especial para ti:<\/p>\n\n\n\n<h3 class=\"wp-block-heading\" id=\"block-dfc6e0fa-5077-45d3-bce1-7893f63ac88a\">Catedral de Palma (La Seu)<\/h3>\n\n\n\n<p id=\"block-f08efb75-57d8-4506-93e6-8ec49083dc8b\">La impresionante <strong>Catedral de Palma<\/strong> es uno de los principales lugares de inter\u00e9s de Palma de Mallorca. Se la conoce como La Seu. Esta maravilla g\u00f3tica es el s\u00edmbolo de la ciudad y ofrece vistas espectaculares a la bah\u00eda. Admira su precioso dise\u00f1o, sus vidrieras llenas de color y la atm\u00f3sfera tranquila que se respira en su interior. <\/p>\n\n\n\n<p id=\"block-f08efb75-57d8-4506-93e6-8ec49083dc8b\">Aviso: En la gran plaza frente a la catedral, siempre vigila tus bolsos y carteras: \u00a1Mujeres gitanas con flores y a veces tambi\u00e9n con sus hijos, as\u00ed como otros timadores y estafadores, llevan a\u00f1os haciendo de las suyas all\u00ed!<\/p>\n\n\n\n<h3 class=\"wp-block-heading\" id=\"block-49df3ada-6679-437d-bb58-3af8e63682a5\">El Castillo de Bellver<\/h3>\n\n\n\n<p id=\"block-c45b0772-ae59-4136-ae85-d8b8a5f2fa56\">En las afueras de Palma se encuentra el <strong>Castillo de Bellver<\/strong>. Es una singular fortaleza circular del siglo XIV. Situado en lo alto de una colina, ofrece magn\u00edficas vistas de la ciudad y del mar. Pasea por sus antiguas murallas, visita el interesante museo y disfruta de sus bonitos jardines. Un lugar ideal para amantes de la historia, familias (<strong>\ud83d\udc49<\/strong> <strong><a href=\"https:\/\/rentalpanda.es\/es\/vacaciones-mallorca-con-familia\/\">Los 10 Mejores Consejos para Vacaciones Familiares en Mallorca<\/a><\/strong>) y para quienes disfrutan de vistas impresionantes.<\/p>\n\n\n\n<h3 class=\"wp-block-heading\" id=\"block-fb4ab5e7-b199-4724-ad04-b599d885b260\">Santa Catalina<\/h3>\n\n\n\n<p>Por la noche, el barrio de Santa Catalina es el lugar donde debes estar. Aqu\u00ed encontrar\u00e1s numerosos restaurantes y bares donde probar deliciosos platos espa\u00f1oles, tapas y c\u00f3cteles. \u00a1Ac\u00e9rcate a los locales y a otros turistas! En Santa Catalina sentir\u00e1s la aut\u00e9ntica atm\u00f3sfera local y podr\u00e1s disfrutar de las animadas noches de Palma.<\/p>\n\n\n\n<h3 class=\"wp-block-heading\" id=\"block-d79df852-fb97-4b9c-b91e-316dc53fa304\">El Mercado de Flores de Palma en el Passeig de la Rambla<\/h3>\n\n\n\n<p id=\"block-c9ec3e5c-d4fb-4c43-9ab7-93f94aa37d7a\">Si te encantan los colores y los aromas, no puedes perderte el mercado de flores y plantas de Palma en el Passeig de la Rambla. Pasea tranquilamente, disfruta del ambiente lleno de color y quiz\u00e1s ll\u00e9vate un bonito ramo o una planta como recuerdo. Es una oportunidad maravillosa para conservar un recuerdo especial de tu estancia en Palma de Mallorca.<\/p>\n\n\n<div class=\"wp-block-image is-style-rounded\">\n<figure class=\"aligncenter size-full\"><img decoding=\"async\" width=\"500\" height=\"334\" src=\"https:\/\/rentalpanda.es\/wp-content\/uploads\/2024\/07\/mallorca_rollstuhl_mieten.jpg\" alt=\"mallorca_rollstuhl_mieten\" class=\"wp-image-17181\" srcset=\"https:\/\/rentalpanda.es\/wp-content\/uploads\/2024\/07\/mallorca_rollstuhl_mieten.jpg 500w, https:\/\/rentalpanda.es\/wp-content\/uploads\/2024\/07\/mallorca_rollstuhl_mieten-400x267.jpg 400w\" sizes=\"(max-width: 500px) 100vw, 500px\" \/><\/figure>\n<\/div>\n\n\n<p>Con lugares impresionantes como la Catedral de Palma, el Castillo de Bellver con sus espectaculares vistas, el barrio de Santa Catalina para noches animadas y el mercado de flores en el Passeig de la Rambla, Palma de Mallorca tiene much\u00edsimo que ofrecer. Visita estos maravillosos lugares para disfrutar de la historia, la cultura y la belleza de la ciudad. Si viajas con coche de alquiler, lee m\u00e1s sobre: \ud83d\udc49 <strong><a href=\"https:\/\/rentalpanda.es\/es\/alquilar-coche-mallorca-asiento-infantil\/\">\u00bfSon obligatorias las sillas infantiles en Mallorca?<\/a><\/strong>?<\/p>\n\n\n\n<p><strong>\ud83d\udc49 En Mallorca: <a href=\"https:\/\/rentalpanda.es\/es\/donde-alquilar-sillas-infantiles\/\">\u00bfD\u00f3nde alquilar sillas de coche para ni\u00f1os<\/a>?<\/strong><\/p>\n\n\n\n<h2 class=\"wp-block-heading\">Alquiler de Sillas de Ruedas en el Aeropuerto de Palma con RentalPanda<\/h2>\n\n\n\n<p>\u00bfBuscas alquiler de silla de ruedas en el aeropuerto de Mallorca? El servicio de RentalPanda en el Aeropuerto de Palma garantiza que recibas la ayuda de movilidad perfecta nada m\u00e1s llegar.<\/p>\n\n\n\n<p>Con el servicio de alquiler de sillas de ruedas en el Aeropuerto de Palma de Mallorca, puedes elegir entre diferentes opciones: sillas manuales autopropulsables o sillas el\u00e9ctricas y scooters de movilidad. Todos los modelos son plegables y f\u00e1ciles de transportar.<\/p>\n\n\n\n<p>Todas las sillas incluyen reposabrazos, respaldo y reposapi\u00e9s desmontables. Para mayor comodidad durante el periodo de alquiler, tambi\u00e9n puedes solicitar un coj\u00edn adicional.<\/p>\n\n\n\n<p>Adem\u00e1s, existe un pr\u00e1ctico servicio de entrega. Viajar con una silla de ruedas puede resultar inc\u00f3modo, pero con el fiable servicio de RentalPanda en el aeropuerto de Mallorca no tendr\u00e1s que preocuparte por el transporte.<\/p>\n\n\n\n<p><strong>\u00a1Alquiler de Sillas de Ruedas en el Aeropuerto de Mallorca!<\/strong>!<\/p>\n\n\n\n<figure class=\"wp-block-table\"><table><tbody><tr><th>\u00bfPor Qu\u00e9 Alquilar una Silla de Ruedas en el Aeropuerto de Palma?<\/th><\/tr><tr><td>Porque es c\u00f3modo.<\/td><\/tr><tr><td>Porque hay varios modelos disponibles.<\/td><\/tr><tr><td>Todos los modelos incluyen reposapi\u00e9s, soportes para piernas y reposabrazos ajustables.<\/td><\/tr><tr><td>Entrega y recogida directa en el aeropuerto.<\/td><\/tr><tr><td>\u00a1Cojines adicionales gratuitos bajo petici\u00f3n!<\/td><\/tr><\/tbody><\/table><\/figure>\n\n\n\n<p><\/p>\n\n\n\n<p>\ud83d\udc49 \u00a1NO LO OLVIDES:<strong> <a href=\"https:\/\/rentalpanda.es\/es\/\">Alquila asientos infantiles econ\u00f3micos<\/a> o un <a href=\"https:\/\/rentalpanda.es\/es\/alquilar-carro-de-playa\/\">Alquilar un Carrito de Playa<\/a> en Mallorca con RentalPanda!<\/strong><\/p>\n\n\n\n<h2 class=\"wp-block-heading\">\u00bfAlquiler de Silla de Ruedas en Cala Millor?<\/h2>\n\n\n\n<p>Si te encuentras en Cala Millor y necesitas una silla de ruedas, tambi\u00e9n puedes alquilarla f\u00e1cilmente all\u00ed. Los proveedores locales ofrecen sillas modernas y c\u00f3modas, incluidos scooters el\u00e9ctricos de movilidad en Cala Millor, para que puedas explorar el entorno sin preocupaciones. <\/p>\n\n\n\n<p>Especialmente si quieres pasear por el paseo mar\u00edtimo, una silla de ruedas de alquiler te ofrece la libertad y flexibilidad necesarias para unas vacaciones inolvidables. El proceso de alquiler es sencillo y la silla puede entregarse directamente en tu alojamiento. As\u00ed podr\u00e1s disfrutar de tu estancia en Cala Millor sin preocuparte por tu movilidad.<\/p>\n\n\n\n<h2 class=\"wp-block-heading\">Conclusi\u00f3n<\/h2>\n\n\n\n<p>En resumen, alquilar una silla de ruedas en Mallorca facilitar\u00e1 enormemente tu viaje. Puedes elegir entre modelos manuales autopropulsables, scooters el\u00e9ctricos, andadores, muletas y sillas de ducha. Todas estas ayudas pr\u00e1cticas hacen que desplazarse por la isla y mantener la independencia sea mucho m\u00e1s sencillo.<\/p>\n\n\n\n<p>RentalPanda hace que el proceso sea especialmente f\u00e1cil: basta con un correo electr\u00f3nico, una llamada o una reserva sencilla a trav\u00e9s de la p\u00e1gina web, y tu silla ser\u00e1 entregada en el aeropuerto o en tu hotel.<\/p>\n\n\n\n<p>Con una silla de ruedas o ayuda de movilidad, los puntos destacados de Mallorca ser\u00e1n finalmente accesibles para ti. Disfruta de las hermosas playas, la cultura vibrante y los pueblos pintorescos. No te preocupes por c\u00f3mo moverte \u2014 explora la isla con total libertad. Con el mejor alquiler de sillas de ruedas en Mallorca, estar\u00e1s preparado para cualquier aventura.<\/p>\n\n\n\n<p><strong>\ud83d\udc49 <\/strong>Tambi\u00e9n interesante: <strong><a href=\"https:\/\/rentalpanda.es\/es\/tiempo-de-vuelo-a-mallorca\/\">\u00bfCu\u00e1nto tiempo se tarda en volar a Mallorca?<\/a><\/strong><\/p>\n\n\n\n<h2 class=\"wp-block-heading\">Preguntas Frecuentes<\/h2>\n\n\n\n<h3 class=\"wp-block-heading\">\u00bfCu\u00e1nto cuesta alquilar una silla de ruedas en Mallorca?<\/h3>\n\n\n\n<p>El precio del alquiler de silla de ruedas en Mallorca depende del tipo de modelo y de la duraci\u00f3n del alquiler. Por ejemplo, una silla de ruedas manual est\u00e1ndar est\u00e1 disponible desde solo 5,00 \u20ac al d\u00eda. Adem\u00e1s, existen descuentos especiales para alquileres de mayor duraci\u00f3n, ideales si planeas una estancia m\u00e1s larga en la isla.<\/p>\n\n\n\n<h3 class=\"wp-block-heading\">\u00bfQu\u00e9 tipos de sillas de ruedas est\u00e1n disponibles en Mallorca?<\/h3>\n\n\n\n<p>En Mallorca puedes alquilar diferentes tipos de sillas de ruedas, desde sillas manuales autopropulsables hasta sillas de ruedas el\u00e9ctricas o scooters de movilidad. Tambi\u00e9n hay modelos bari\u00e1tricos para personas de mayor peso y opciones dise\u00f1adas espec\u00edficamente para facilitar el desplazamiento independiente.<\/p>\n\n\n\n<h3 class=\"wp-block-heading\">\u00bfQu\u00e9 otras ayudas de movilidad se pueden alquilar en Mallorca?<\/h3>\n\n\n\n<p>Adem\u00e1s del alquiler de sillas de ruedas en Mallorca, tambi\u00e9n puedes alquilar scooters el\u00e9ctricos de movilidad, andadores (rollators) y muletas. Estas ayudas t\u00e9cnicas facilitan las tareas diarias y hacen que desplazarse por la isla, ya sea por la playa, el paseo mar\u00edtimo o el casco antiguo, sea mucho m\u00e1s sencillo y c\u00f3modo.<\/p>\n\n\n\n<h3 class=\"wp-block-heading\">\u00bfSe pueden alquilar sillas de ruedas el\u00e9ctricas en Mallorca?<\/h3>\n\n\n\n<p>S\u00ed, en Mallorca puedes alquilar sillas de ruedas el\u00e9ctricas, tambi\u00e9n conocidas como scooters de movilidad. Son muy populares entre los visitantes por su facilidad de uso y comodidad. Se entregan directamente en tu hotel, apartamento o finca vacacional, y posteriormente se recogen all\u00ed mismo.<\/p>\n\n\n\n<h3 class=\"wp-block-heading\">\u00bfHay servicio de alquiler de sillas de ruedas en el Aeropuerto de Palma de Mallorca?<\/h3>\n\n\n\n<p>S\u00ed, existe alquiler de sillas de ruedas en el Aeropuerto de Palma de Mallorca, incluyendo modelos plegables, f\u00e1ciles de transportar y con funciones ajustables. Solo tienes que contactar con RentalPanda.es para organizar la entrega directamente a tu llegada.<\/p>\n\n\n\n<h3 class=\"wp-block-heading\">\u00bfD\u00f3nde puedo encontrar alquiler de sillas de ruedas en Alcudia, Mallorca?<\/h3>\n\n\n\n<p>RentalPanda tambi\u00e9n ofrece alquiler de ayudas de movilidad en Alcudia, Mallorca. El servicio incluye entrega en Alcudia y en zonas cercanas, para que puedas disfrutar de tus vacaciones sin preocuparte por el transporte del equipo.<\/p>\n\n\n\n<h3 class=\"wp-block-heading\">\u00bfPor qu\u00e9 deber\u00eda considerar alquilar una silla de ruedas en Mallorca para mis vacaciones?<\/h3>\n\n\n\n<p>El alquiler de silla de ruedas en Mallorca es una excelente opci\u00f3n para personas con movilidad reducida. Te permite disfrutar de playas, ciudades y atracciones tur\u00edsticas sin limitaciones. As\u00ed nada se interpone entre t\u00fa y unas vacaciones accesibles, c\u00f3modas e inolvidables en la isla.<\/p>\n\n\n\n<h3 class=\"wp-block-heading\"><\/h3>","protected":false},"excerpt":{"rendered":"<p>Planst du eine Reise nach Mallorca und machst dir Gedanken dar\u00fcber, wie du dich fortbewegen kannst? Keine Sorge: Du kannst diese atemberaubende Insel auch mit eingeschr\u00e4nkter Mobilit\u00e4t prima erkunden. Rollstuhl Vermietungen auf Mallorca bieten dir ein tolles, uneingeschr\u00e4nktes Urlaubserlebnis. Du kannst dich frei bewegen und alle deine Lieblingsorte ganz einfach besuchen. Bist du neugierig geworden [&hellip;]<\/p>\n","protected":false},"author":1,"featured_media":23137,"comment_status":"open","ping_status":"closed","sticky":false,"template":"","format":"standard","meta":{"footnotes":""},"categories":[515,512],"tags":[1014,1016,1015],"class_list":["post-17125","post","type-post","status-publish","format-standard","has-post-thumbnail","hentry","category-urlaubsartikel-mieten-en","category-urlaubsartikel-mieten","tag-rollstuhl","tag-rollstuhl-mallorca","tag-rollstuhl-mieten"],"featured_image_src":{"landsacpe":["https:\/\/rentalpanda.es\/wp-content\/uploads\/2024\/07\/rollstuhl-mallorca-vermietung-rollstuhl-mieten-1000x445.jpg",1000,445,true],"list":["https:\/\/rentalpanda.es\/wp-content\/uploads\/2024\/07\/rollstuhl-mallorca-vermietung-rollstuhl-mieten-463x348.jpg",463,348,true],"medium":["https:\/\/rentalpanda.es\/wp-content\/uploads\/2024\/07\/rollstuhl-mallorca-vermietung-rollstuhl-mieten-300x200.jpg",300,200,true],"full":["https:\/\/rentalpanda.es\/wp-content\/uploads\/2024\/07\/rollstuhl-mallorca-vermietung-rollstuhl-mieten.jpg",1000,667,false]},"yoast_head":"<!-- This site is optimized with the Yoast SEO plugin v27.1.1 - https:\/\/yoast.com\/product\/yoast-seo-wordpress\/ -->\n<title>Rollstuhl Vermietung auf Mallorca: Ultimative Mobilit\u00e4t auf der Insel!<\/title>\n<meta name=\"description\" content=\"Miete einen Rollstuhl auf Mallorca: Erkunde die Insel m\u00fchelos mit hochwertigen Rollst\u00fchlen und Mobilit\u00e4tshilfen. Einfach &amp; bequem!\" \/>\n<meta name=\"robots\" content=\"index, follow, max-snippet:-1, max-image-preview:large, max-video-preview:-1\" \/>\n<link rel=\"canonical\" href=\"https:\/\/rentalpanda.es\/es\/mallorca-alquiler-silla-de-ruedas\/\" \/>\n<meta property=\"og:locale\" content=\"es_ES\" \/>\n<meta property=\"og:type\" content=\"article\" \/>\n<meta property=\"og:title\" content=\"Rollstuhl Vermietung auf Mallorca: Ultimative Mobilit\u00e4t auf der Insel!\" \/>\n<meta property=\"og:description\" content=\"Miete einen Rollstuhl auf Mallorca: Erkunde die Insel m\u00fchelos mit hochwertigen Rollst\u00fchlen und Mobilit\u00e4tshilfen. Einfach &amp; bequem!\" \/>\n<meta property=\"og:url\" content=\"https:\/\/rentalpanda.es\/es\/mallorca-alquiler-silla-de-ruedas\/\" \/>\n<meta property=\"og:site_name\" content=\"RentalPanda.es\" \/>\n<meta property=\"article:publisher\" content=\"https:\/\/www.facebook.com\/rentalpandamallorca\" \/>\n<meta property=\"article:published_time\" content=\"2024-07-09T05:42:36+00:00\" \/>\n<meta property=\"article:modified_time\" content=\"2026-02-24T06:25:06+00:00\" \/>\n<meta property=\"og:image\" content=\"https:\/\/rentalpanda.es\/wp-content\/uploads\/2024\/07\/rollstuhl-mallorca-vermietung-rollstuhl-mieten.jpg\" \/>\n\t<meta property=\"og:image:width\" content=\"1000\" \/>\n\t<meta property=\"og:image:height\" content=\"667\" \/>\n\t<meta property=\"og:image:type\" content=\"image\/jpeg\" \/>\n<meta name=\"author\" content=\"rentalpanda\" \/>\n<meta name=\"twitter:card\" content=\"summary_large_image\" \/>\n<meta name=\"twitter:label1\" content=\"Escrito por\" \/>\n\t<meta name=\"twitter:data1\" content=\"rentalpanda\" \/>\n\t<meta name=\"twitter:label2\" content=\"Tiempo de lectura\" \/>\n\t<meta name=\"twitter:data2\" content=\"9 minutos\" \/>\n<script type=\"application\/ld+json\" class=\"yoast-schema-graph\">{\"@context\":\"https:\/\/schema.org\",\"@graph\":[{\"@type\":\"Article\",\"@id\":\"https:\/\/rentalpanda.es\/rollstuhl-vermietung-mallorca\/#article\",\"isPartOf\":{\"@id\":\"https:\/\/rentalpanda.es\/rollstuhl-vermietung-mallorca\/\"},\"author\":{\"name\":\"rentalpanda\",\"@id\":\"https:\/\/rentalpanda.es\/en\/#\/schema\/person\/da549bbd7f004e5c08bf3d1df1421606\"},\"headline\":\"Rollstuhl Vermietung auf Mallorca: Lieber mieten anstatt mitbringen!\",\"datePublished\":\"2024-07-09T05:42:36+00:00\",\"dateModified\":\"2026-02-24T06:25:06+00:00\",\"mainEntityOfPage\":{\"@id\":\"https:\/\/rentalpanda.es\/rollstuhl-vermietung-mallorca\/\"},\"wordCount\":1948,\"commentCount\":0,\"publisher\":{\"@id\":\"https:\/\/rentalpanda.es\/en\/#organization\"},\"image\":{\"@id\":\"https:\/\/rentalpanda.es\/rollstuhl-vermietung-mallorca\/#primaryimage\"},\"thumbnailUrl\":\"https:\/\/rentalpanda.es\/wp-content\/uploads\/2024\/07\/rollstuhl-mallorca-vermietung-rollstuhl-mieten.jpg\",\"keywords\":[\"rollstuhl\",\"rollstuhl mallorca\",\"rollstuhl mieten\"],\"articleSection\":[\"Holiday Equipment Hire\",\"Urlaubsartikel mieten\"],\"inLanguage\":\"es\",\"potentialAction\":[{\"@type\":\"CommentAction\",\"name\":\"Comment\",\"target\":[\"https:\/\/rentalpanda.es\/rollstuhl-vermietung-mallorca\/#respond\"]}]},{\"@type\":\"WebPage\",\"@id\":\"https:\/\/rentalpanda.es\/rollstuhl-vermietung-mallorca\/\",\"url\":\"https:\/\/rentalpanda.es\/rollstuhl-vermietung-mallorca\/\",\"name\":\"Rollstuhl Vermietung auf Mallorca: Ultimative Mobilit\u00e4t auf der Insel!\",\"isPartOf\":{\"@id\":\"https:\/\/rentalpanda.es\/en\/#website\"},\"primaryImageOfPage\":{\"@id\":\"https:\/\/rentalpanda.es\/rollstuhl-vermietung-mallorca\/#primaryimage\"},\"image\":{\"@id\":\"https:\/\/rentalpanda.es\/rollstuhl-vermietung-mallorca\/#primaryimage\"},\"thumbnailUrl\":\"https:\/\/rentalpanda.es\/wp-content\/uploads\/2024\/07\/rollstuhl-mallorca-vermietung-rollstuhl-mieten.jpg\",\"datePublished\":\"2024-07-09T05:42:36+00:00\",\"dateModified\":\"2026-02-24T06:25:06+00:00\",\"description\":\"Miete einen Rollstuhl auf Mallorca: Erkunde die Insel m\u00fchelos mit hochwertigen Rollst\u00fchlen und Mobilit\u00e4tshilfen. Einfach & bequem!\",\"breadcrumb\":{\"@id\":\"https:\/\/rentalpanda.es\/rollstuhl-vermietung-mallorca\/#breadcrumb\"},\"inLanguage\":\"es\",\"potentialAction\":[{\"@type\":\"ReadAction\",\"target\":[\"https:\/\/rentalpanda.es\/rollstuhl-vermietung-mallorca\/\"]}]},{\"@type\":\"ImageObject\",\"inLanguage\":\"es\",\"@id\":\"https:\/\/rentalpanda.es\/rollstuhl-vermietung-mallorca\/#primaryimage\",\"url\":\"https:\/\/rentalpanda.es\/wp-content\/uploads\/2024\/07\/rollstuhl-mallorca-vermietung-rollstuhl-mieten.jpg\",\"contentUrl\":\"https:\/\/rentalpanda.es\/wp-content\/uploads\/2024\/07\/rollstuhl-mallorca-vermietung-rollstuhl-mieten.jpg\",\"width\":1000,\"height\":667,\"caption\":\"rollstuhl-mallorca-vermietung-rollstuhl-mieten\"},{\"@type\":\"BreadcrumbList\",\"@id\":\"https:\/\/rentalpanda.es\/rollstuhl-vermietung-mallorca\/#breadcrumb\",\"itemListElement\":[{\"@type\":\"ListItem\",\"position\":1,\"name\":\"Startseite\",\"item\":\"https:\/\/rentalpanda.es\/\"},{\"@type\":\"ListItem\",\"position\":2,\"name\":\"Rollstuhl Vermietung auf Mallorca: Lieber mieten anstatt mitbringen!\"}]},{\"@type\":\"WebSite\",\"@id\":\"https:\/\/rentalpanda.es\/en\/#website\",\"url\":\"https:\/\/rentalpanda.es\/en\/\",\"name\":\"RentalPanda.es\",\"description\":\"Baby, Beach &amp; Holiday Gear for Rent\",\"publisher\":{\"@id\":\"https:\/\/rentalpanda.es\/en\/#organization\"},\"potentialAction\":[{\"@type\":\"SearchAction\",\"target\":{\"@type\":\"EntryPoint\",\"urlTemplate\":\"https:\/\/rentalpanda.es\/en\/?s={search_term_string}\"},\"query-input\":{\"@type\":\"PropertyValueSpecification\",\"valueRequired\":true,\"valueName\":\"search_term_string\"}}],\"inLanguage\":\"es\"},{\"@type\":\"Organization\",\"@id\":\"https:\/\/rentalpanda.es\/en\/#organization\",\"name\":\"Rentalpanda.es\",\"url\":\"https:\/\/rentalpanda.es\/en\/\",\"logo\":{\"@type\":\"ImageObject\",\"inLanguage\":\"es\",\"@id\":\"https:\/\/rentalpanda.es\/en\/#\/schema\/logo\/image\/\",\"url\":\"https:\/\/rentalpanda.es\/wp-content\/uploads\/2017\/02\/rentalpanda-logo-webseite-end.png\",\"contentUrl\":\"https:\/\/rentalpanda.es\/wp-content\/uploads\/2017\/02\/rentalpanda-logo-webseite-end.png\",\"width\":260,\"height\":71,\"caption\":\"Rentalpanda.es\"},\"image\":{\"@id\":\"https:\/\/rentalpanda.es\/en\/#\/schema\/logo\/image\/\"},\"sameAs\":[\"https:\/\/www.facebook.com\/rentalpandamallorca\"]},{\"@type\":\"Person\",\"@id\":\"https:\/\/rentalpanda.es\/en\/#\/schema\/person\/da549bbd7f004e5c08bf3d1df1421606\",\"name\":\"rentalpanda\",\"image\":{\"@type\":\"ImageObject\",\"inLanguage\":\"es\",\"@id\":\"https:\/\/rentalpanda.es\/en\/#\/schema\/person\/image\/\",\"url\":\"https:\/\/rentalpanda.es\/wp-content\/litespeed\/avatar\/4a21927017bb45e230ffe8bbf21ba94d.jpg?ver=1776912473\",\"contentUrl\":\"https:\/\/rentalpanda.es\/wp-content\/litespeed\/avatar\/4a21927017bb45e230ffe8bbf21ba94d.jpg?ver=1776912473\",\"caption\":\"rentalpanda\"}}]}<\/script>\n<!-- \/ Yoast SEO plugin. -->","yoast_head_json":{"title":"Alquiler de Sillas de Ruedas en Mallorca: \u00a1Movilidad M\u00e1xima en la Isla!","description":"Alquila una silla de ruedas en Mallorca: Explora la isla sin esfuerzo con sillas de ruedas de alta calidad y ayudas a la movilidad. \u00a1Sencillo y c\u00f3modo!","robots":{"index":"index","follow":"follow","max-snippet":"max-snippet:-1","max-image-preview":"max-image-preview:large","max-video-preview":"max-video-preview:-1"},"canonical":"https:\/\/rentalpanda.es\/es\/mallorca-alquiler-silla-de-ruedas\/","og_locale":"es_ES","og_type":"article","og_title":"Rollstuhl Vermietung auf Mallorca: Ultimative Mobilit\u00e4t auf der Insel!","og_description":"Miete einen Rollstuhl auf Mallorca: Erkunde die Insel m\u00fchelos mit hochwertigen Rollst\u00fchlen und Mobilit\u00e4tshilfen. Einfach & bequem!","og_url":"https:\/\/rentalpanda.es\/es\/mallorca-alquiler-silla-de-ruedas\/","og_site_name":"RentalPanda.es","article_publisher":"https:\/\/www.facebook.com\/rentalpandamallorca","article_published_time":"2024-07-09T05:42:36+00:00","article_modified_time":"2026-02-24T06:25:06+00:00","og_image":[{"width":1000,"height":667,"url":"https:\/\/rentalpanda.es\/wp-content\/uploads\/2024\/07\/rollstuhl-mallorca-vermietung-rollstuhl-mieten.jpg","type":"image\/jpeg"}],"author":"rentalpanda","twitter_card":"summary_large_image","twitter_misc":{"Escrito por":"rentalpanda","Tiempo de lectura":"9 minutos"},"schema":{"@context":"https:\/\/schema.org","@graph":[{"@type":"Article","@id":"https:\/\/rentalpanda.es\/rollstuhl-vermietung-mallorca\/#article","isPartOf":{"@id":"https:\/\/rentalpanda.es\/rollstuhl-vermietung-mallorca\/"},"author":{"name":"rentalpanda","@id":"https:\/\/rentalpanda.es\/en\/#\/schema\/person\/da549bbd7f004e5c08bf3d1df1421606"},"headline":"Rollstuhl Vermietung auf Mallorca: Lieber mieten anstatt mitbringen!","datePublished":"2024-07-09T05:42:36+00:00","dateModified":"2026-02-24T06:25:06+00:00","mainEntityOfPage":{"@id":"https:\/\/rentalpanda.es\/rollstuhl-vermietung-mallorca\/"},"wordCount":1948,"commentCount":0,"publisher":{"@id":"https:\/\/rentalpanda.es\/en\/#organization"},"image":{"@id":"https:\/\/rentalpanda.es\/rollstuhl-vermietung-mallorca\/#primaryimage"},"thumbnailUrl":"https:\/\/rentalpanda.es\/wp-content\/uploads\/2024\/07\/rollstuhl-mallorca-vermietung-rollstuhl-mieten.jpg","keywords":["rollstuhl","rollstuhl mallorca","rollstuhl mieten"],"articleSection":["Holiday Equipment Hire","Urlaubsartikel mieten"],"inLanguage":"es","potentialAction":[{"@type":"CommentAction","name":"Comment","target":["https:\/\/rentalpanda.es\/rollstuhl-vermietung-mallorca\/#respond"]}]},{"@type":"WebPage","@id":"https:\/\/rentalpanda.es\/rollstuhl-vermietung-mallorca\/","url":"https:\/\/rentalpanda.es\/rollstuhl-vermietung-mallorca\/","name":"Alquiler de Sillas de Ruedas en Mallorca: \u00a1Movilidad M\u00e1xima en la Isla!","isPartOf":{"@id":"https:\/\/rentalpanda.es\/en\/#website"},"primaryImageOfPage":{"@id":"https:\/\/rentalpanda.es\/rollstuhl-vermietung-mallorca\/#primaryimage"},"image":{"@id":"https:\/\/rentalpanda.es\/rollstuhl-vermietung-mallorca\/#primaryimage"},"thumbnailUrl":"https:\/\/rentalpanda.es\/wp-content\/uploads\/2024\/07\/rollstuhl-mallorca-vermietung-rollstuhl-mieten.jpg","datePublished":"2024-07-09T05:42:36+00:00","dateModified":"2026-02-24T06:25:06+00:00","description":"Alquila una silla de ruedas en Mallorca: Explora la isla sin esfuerzo con sillas de ruedas de alta calidad y ayudas a la movilidad. \u00a1Sencillo y c\u00f3modo!","breadcrumb":{"@id":"https:\/\/rentalpanda.es\/rollstuhl-vermietung-mallorca\/#breadcrumb"},"inLanguage":"es","potentialAction":[{"@type":"ReadAction","target":["https:\/\/rentalpanda.es\/rollstuhl-vermietung-mallorca\/"]}]},{"@type":"ImageObject","inLanguage":"es","@id":"https:\/\/rentalpanda.es\/rollstuhl-vermietung-mallorca\/#primaryimage","url":"https:\/\/rentalpanda.es\/wp-content\/uploads\/2024\/07\/rollstuhl-mallorca-vermietung-rollstuhl-mieten.jpg","contentUrl":"https:\/\/rentalpanda.es\/wp-content\/uploads\/2024\/07\/rollstuhl-mallorca-vermietung-rollstuhl-mieten.jpg","width":1000,"height":667,"caption":"rollstuhl-mallorca-vermietung-rollstuhl-mieten"},{"@type":"BreadcrumbList","@id":"https:\/\/rentalpanda.es\/rollstuhl-vermietung-mallorca\/#breadcrumb","itemListElement":[{"@type":"ListItem","position":1,"name":"Startseite","item":"https:\/\/rentalpanda.es\/"},{"@type":"ListItem","position":2,"name":"Rollstuhl Vermietung auf Mallorca: Lieber mieten anstatt mitbringen!"}]},{"@type":"WebSite","@id":"https:\/\/rentalpanda.es\/en\/#website","url":"https:\/\/rentalpanda.es\/en\/","name":"RentalPanda.es","description":"Baby, Beach &amp; Holiday Gear for Rent","publisher":{"@id":"https:\/\/rentalpanda.es\/en\/#organization"},"potentialAction":[{"@type":"SearchAction","target":{"@type":"EntryPoint","urlTemplate":"https:\/\/rentalpanda.es\/en\/?s={search_term_string}"},"query-input":{"@type":"PropertyValueSpecification","valueRequired":true,"valueName":"search_term_string"}}],"inLanguage":"es"},{"@type":"Organization","@id":"https:\/\/rentalpanda.es\/en\/#organization","name":"Rentalpanda.es","url":"https:\/\/rentalpanda.es\/en\/","logo":{"@type":"ImageObject","inLanguage":"es","@id":"https:\/\/rentalpanda.es\/en\/#\/schema\/logo\/image\/","url":"https:\/\/rentalpanda.es\/wp-content\/uploads\/2017\/02\/rentalpanda-logo-webseite-end.png","contentUrl":"https:\/\/rentalpanda.es\/wp-content\/uploads\/2017\/02\/rentalpanda-logo-webseite-end.png","width":260,"height":71,"caption":"Rentalpanda.es"},"image":{"@id":"https:\/\/rentalpanda.es\/en\/#\/schema\/logo\/image\/"},"sameAs":["https:\/\/www.facebook.com\/rentalpandamallorca"]},{"@type":"Person","@id":"https:\/\/rentalpanda.es\/en\/#\/schema\/person\/da549bbd7f004e5c08bf3d1df1421606","name":"rentalpanda","image":{"@type":"ImageObject","inLanguage":"es","@id":"https:\/\/rentalpanda.es\/en\/#\/schema\/person\/image\/","url":"https:\/\/rentalpanda.es\/wp-content\/litespeed\/avatar\/4a21927017bb45e230ffe8bbf21ba94d.jpg?ver=1776912473","contentUrl":"https:\/\/rentalpanda.es\/wp-content\/litespeed\/avatar\/4a21927017bb45e230ffe8bbf21ba94d.jpg?ver=1776912473","caption":"rentalpanda"}}]}},"_links":{"self":[{"href":"https:\/\/rentalpanda.es\/es\/wp-json\/wp\/v2\/posts\/17125","targetHints":{"allow":["GET"]}}],"collection":[{"href":"https:\/\/rentalpanda.es\/es\/wp-json\/wp\/v2\/posts"}],"about":[{"href":"https:\/\/rentalpanda.es\/es\/wp-json\/wp\/v2\/types\/post"}],"author":[{"embeddable":true,"href":"https:\/\/rentalpanda.es\/es\/wp-json\/wp\/v2\/users\/1"}],"replies":[{"embeddable":true,"href":"https:\/\/rentalpanda.es\/es\/wp-json\/wp\/v2\/comments?post=17125"}],"version-history":[{"count":26,"href":"https:\/\/rentalpanda.es\/es\/wp-json\/wp\/v2\/posts\/17125\/revisions"}],"predecessor-version":[{"id":23139,"href":"https:\/\/rentalpanda.es\/es\/wp-json\/wp\/v2\/posts\/17125\/revisions\/23139"}],"wp:featuredmedia":[{"embeddable":true,"href":"https:\/\/rentalpanda.es\/es\/wp-json\/wp\/v2\/media\/23137"}],"wp:attachment":[{"href":"https:\/\/rentalpanda.es\/es\/wp-json\/wp\/v2\/media?parent=17125"}],"wp:term":[{"taxonomy":"category","embeddable":true,"href":"https:\/\/rentalpanda.es\/es\/wp-json\/wp\/v2\/categories?post=17125"},{"taxonomy":"post_tag","embeddable":true,"href":"https:\/\/rentalpanda.es\/es\/wp-json\/wp\/v2\/tags?post=17125"}],"curies":[{"name":"wp","href":"https:\/\/api.w.org\/{rel}","templated":true}]}}