{"id":12800,"date":"2023-05-19T04:07:54","date_gmt":"2023-05-19T04:07:54","guid":{"rendered":"https:\/\/rentalpanda.es\/?p=12800"},"modified":"2026-03-02T07:46:55","modified_gmt":"2026-03-02T07:46:55","slug":"tiempo-de-vuelo-a-mallorca","status":"publish","type":"post","link":"https:\/\/rentalpanda.es\/es\/wie-lange-fliegt-man-nach-mallorca\/","title":{"rendered":"\u00bfCu\u00e1nto Tiempo Tarda el Vuelo a Mallorca? 9 Ciudades + Tiempos de Vuelo"},"content":{"rendered":"<p>\u00bfEres de los que consideran Mallorca su isla favorita? \u00bfEst\u00e1s planeando otro viaje all\u00ed y te preguntas <strong>cu\u00e1nto tiempo se tarda en volar a Mallorca<\/strong>? Entonces est\u00e1s en el lugar correcto! En este art\u00edculo, descubrir\u00e1s cu\u00e1nto tiempo se tarda en volar a Mallorca desde las ciudades alemanas m\u00e1s populares.<\/p>\n\n\n\n<p>\u00a1Empecemos!<\/p>\n\n\n\n<p>\ud83d\udc49 <strong><a href=\"https:\/\/rentalpanda.es\/es\/vacaciones-mallorca-con-familia\/\">Los 10 Mejores Consejos para Vacaciones Familiares en Mallorca<\/a>!<\/strong><\/p>\n\n\n\n<h2 class=\"wp-block-heading\"><strong>Pregunta de Vacaciones: \u00bfCu\u00e1l es el tiempo de vuelo a Mallorca?<\/strong><\/h2>\n\n\n\n<p>Esta es probablemente una de las preguntas m\u00e1s importantes antes de tus vacaciones en Mallorca: \u00bfCu\u00e1nto tiempo tarda realmente el vuelo? <strong>\u00bfCu\u00e1ntas horas tendr\u00e9 que estar en el avi\u00f3n?<\/strong> Claro, podr\u00edas conducir hasta Barcelona, tomar un ferry desde all\u00ed y llegar a Mallorca m\u00e1s tarde. Pero eso requerir\u00eda al menos 2 d\u00edas de viaje.<\/p>\n\n\n\n<p>Si eso te parece demasiado largo, s\u00fabete a un avi\u00f3n y, en aproximadamente <strong>dos horas y media o menos<\/strong> estar\u00e1s en Mallorca. \u00bfQuieres saber tambi\u00e9n cu\u00e1nto tiempo tarda el vuelo desde ciudades espec\u00edficas a Mallorca?<\/p>\n\n\n\n<p>\u00a1Vamos a entrar en detalles!<\/p>\n\n\n\n<p>\ud83d\udc49<strong> \u00a1NO LO OLVIDES <a href=\"https:\/\/rentalpanda.es\/es\/\">Alquila asientos infantiles econ\u00f3micos<\/a> o un <a href=\"https:\/\/rentalpanda.es\/es\/alquilar-carrito-en-vacaciones\/\">Carrito de Beb\u00e9<\/a> en Mallorca con RentalPanda!<\/strong><\/p>\n\n\n\n<h2 class=\"wp-block-heading\"><strong>\u00bfCu\u00e1nto Tiempo Tarda el Vuelo a Palma de Mallorca?<\/strong><\/h2>\n\n\n\n<p>\u00bfQuieres saber cu\u00e1nto tiempo se tarda en volar a Palma de Mallorca? \u00a1Creemos que Palma es una ciudad fant\u00e1stica que hace latir m\u00e1s r\u00e1pido los corazones de muchos en Alemania, Austria y <a href=\"https:\/\/de.wikipedia.org\/wiki\/Schweiz\" target=\"_blank\" rel=\"noreferrer noopener\">Suiza<\/a> !<\/p>\n\n\n\n<p>El tiempo de vuelo depende de la ciudad de salida, pero en promedio, el <strong>vuelo a Palma de Mallorca dura entre 2 y un m\u00e1ximo de 3 horas.<\/strong>.<\/p>\n\n\n\n<p>Es un viaje relativamente corto, que te permite relajarte, descansar y esperar con ilusi\u00f3n la arena c\u00e1lida entre tus dedos. \u00a1Felices vacaciones en la hermosa Palma!<\/p>\n\n\n\n<p><strong>\ud83d\udc49 <\/strong>Consulta nuestra gu\u00eda definitiva del clima antes de tu viaje: <strong><a href=\"https:\/\/rentalpanda.es\/es\/clima-en-mallorca-la-guia-definitiva\/\">Clima en Mallorca<\/a>!<\/strong><\/p>\n\n\n<div class=\"wp-block-image is-style-rounded\">\n<figure class=\"aligncenter size-full\"><img decoding=\"async\" width=\"500\" height=\"334\" src=\"https:\/\/rentalpanda.es\/wp-content\/uploads\/2023\/05\/wie-lange-fliegt-man-nach-mallorca.jpg\" alt=\"wie-lange-fliegt-man-nach-mallorca\" class=\"wp-image-12806\" srcset=\"https:\/\/rentalpanda.es\/wp-content\/uploads\/2023\/05\/wie-lange-fliegt-man-nach-mallorca.jpg 500w, https:\/\/rentalpanda.es\/wp-content\/uploads\/2023\/05\/wie-lange-fliegt-man-nach-mallorca-400x267.jpg 400w\" sizes=\"(max-width: 500px) 100vw, 500px\" \/><\/figure>\n<\/div>\n\n\n<h2 class=\"wp-block-heading\"><strong>Tiempo de Vuelo de D\u00fcsseldorf a Mallorca<\/strong><\/h2>\n\n\n\n<p>Si planeas volar desde D\u00fcsseldorf a Mallorca, est\u00e1s de suerte, ya que hay muchas conexiones de vuelos desde el Aeropuerto de D\u00fcsseldorf hacia Mallorca. <strong>El tiempo de vuelo es de aproximadamente 2 horas y 30 minutos<\/strong>, por lo que llegar\u00e1s relativamente r\u00e1pido.<\/p>\n\n\n\n<p>\u00a1Prep\u00e1rate para un maravilloso vuelo a la soleada Espa\u00f1a y no olvides tu protector solar, ya que el sol, las aguas cristalinas y las playas de ensue\u00f1o de Mallorca te est\u00e1n esperando!<\/p>\n\n\n\n<p><strong>\ud83d\udc49 En Mallorca: <a href=\"https:\/\/rentalpanda.es\/es\/donde-alquilar-sillas-infantiles\/\">\u00bfD\u00f3nde alquilar sillas de coche para ni\u00f1os<\/a>?<\/strong><\/p>\n\n\n\n<h2 class=\"wp-block-heading\"><strong>Tiempo <strong>de vuelo<\/strong> de Hamburgo a Mallorca?<\/strong><\/h2>\n\n\n\n<p>Si vuelas desde Hamburgo a Mallorca, el <strong>tiempo de vuelo es de alrededor de 2 horas y 40 minutos<\/strong>. Varias aerol\u00edneas ofrecen vuelos directos desde Hamburgo a Mallorca.<\/p>\n\n\n\n<p>Denke daran, vor deinem Flug die aktuellen Flugzeiten zu \u00fcberpr\u00fcfen und dich rechtzeitig am Flughafen Hamburg einzufinden. Genie\u00dfe deine Flugreise und freue dich auf wundersch\u00f6ne Str\u00e4nde und herrliches Wasser (&#x1f449; <a href=\"https:\/\/rentalpanda.es\/es\/temperatura-del-agua-en-mallorca\/\"><strong>Temperatura del Agua Mallorca<\/strong><\/a>) en la encantadora isla de Mallorca!<\/p>\n\n\n\n<h2 class=\"wp-block-heading\"><b>Tiempo <\/b><strong style=\"font-weight: bold;\">de vuelo<\/strong> <strong>Berl\u00edn a Mallorca?<\/strong><\/h2>\n\n\n\n<p>\u00bfVives en la vibrante metr\u00f3poli de Berl\u00edn y planeas volar a Mallorca? Puedes esperar un <strong>tiempo de vuelo de aproximadamente 2 horas y 40 minutos.<\/strong> Numerosas aerol\u00edneas ofrecen vuelos directos entre Berl\u00edn y la impresionante isla balear de Mallorca, asegurando un viaje c\u00f3modo y r\u00e1pido.<\/p>\n\n\n\n<p><strong><em>\ud83d\udc49 <a href=\"https:\/\/rentalpanda.es\/es\/mallorca-con-ninos\/\">Mallorca con Ni\u00f1os<\/a>:<\/em><\/strong><em> Los Mejores Destinos y Actividades!<\/em><\/p>\n\n\n\n<h2 class=\"wp-block-heading\"><strong>Tiempo de Vuelo de Frankfurt a Mallorca<\/strong><\/h2>\n\n\n\n<p>La duraci\u00f3n del vuelo entre Frankfurt del Meno, una importante ciudad alemana a orillas del r\u00edo Meno y hogar del segundo aeropuerto m\u00e1s grande de Europa, y la siempre popular Mallorca es de aproximadamente <strong>2 horas y 10 minutos<\/strong>. Sin embargo, esto puede variar dependiendo de factores como las condiciones clim\u00e1ticas, la ruta de vuelo y la velocidad del avi\u00f3n.<\/p>\n\n\n\n<p><strong>\ud83d\udc49<\/strong> <strong><a href=\"https:\/\/rentalpanda.es\/es\/senderismo-mallorca-mejores-rutas\/\">Rutas de senderismo en Mallorca: Los 12 recorridos m\u00e1s bonitos<\/a><\/strong><\/p>\n\n\n<div class=\"wp-block-image is-style-rounded\">\n<figure class=\"aligncenter size-full\"><img decoding=\"async\" width=\"500\" height=\"281\" src=\"https:\/\/rentalpanda.es\/wp-content\/uploads\/2023\/05\/flugzeit_mallorca.jpg\" alt=\"flugzeit_mallorca\" class=\"wp-image-12810\" srcset=\"https:\/\/rentalpanda.es\/wp-content\/uploads\/2023\/05\/flugzeit_mallorca.jpg 500w, https:\/\/rentalpanda.es\/wp-content\/uploads\/2023\/05\/flugzeit_mallorca-400x225.jpg 400w\" sizes=\"(max-width: 500px) 100vw, 500px\" \/><\/figure>\n<\/div>\n\n\n<h2 class=\"wp-block-heading\"><strong>Tiempo de Vuelo de Hannover a Mallorca<\/strong><\/h2>\n\n\n\n<p>El tiempo de vuelo de Hannover a Mallorca es <strong>en promedio de unas 2 horas y 30 minutos<\/strong>. Este vuelo directo ofrece un viaje c\u00f3modo y r\u00e1pido a la popular isla espa\u00f1ola. Los viajeros pueden disfrutar de un vuelo relativamente corto, lo que te permitir\u00e1 disfrutar del ambiente mediterr\u00e1neo y las hermosas playas de Mallorca sin largos tiempos de viaje.<\/p>\n\n\n\n<p><strong>\ud83d\udc49 <\/strong>Quieres<strong> <a href=\"https:\/\/rentalpanda.es\/es\/viajar-a-mallorca-en-coche\/\">VIAJAR A MALLORCA EN COCHE<\/a> <\/strong>?<\/p>\n\n\n\n<h2 class=\"wp-block-heading\"><strong>Tiempo de Vuelo de Colonia a Mallorca<\/strong><\/h2>\n\n\n\n<p>El vuelo de Colonia a Mallorca tiene una <strong>duraci\u00f3n promedio de unas 2 horas y 25 minutos<\/strong>. Este vuelo directo ofrece una opci\u00f3n pr\u00e1ctica para viajar r\u00e1pidamente desde la ciudad de Renania del Norte-Westfalia hasta el popular destino vacacional de Mallorca. \u00a1Echa un vistazo tambi\u00e9n a la ruta Colonia-Mallorca en el <a href=\"https:\/\/rentalpanda.es\/es\/mapa-de-mallorca\/\"><strong>Mapa de Mallorca<\/strong><\/a> !<\/p>\n\n\n\n<h2 class=\"wp-block-heading\"><strong>Tiempo de Vuelo de M\u00fanich a Mallorca<\/strong><\/h2>\n\n\n\n<p>El tiempo de vuelo de M\u00fanich a Mallorca es <strong>generalmente de 2 horas y 10 minutos<\/strong>. Este vuelo directo de M\u00fanich a Palma de Mallorca es una conexi\u00f3n c\u00f3moda y que ahorra tiempo entre la capital b\u00e1vara y la popular isla espa\u00f1ola. Tras despegar de M\u00fanich, cruzar\u00e1s el Mediterr\u00e1neo antes de aterrizar en Mallorca.<\/p>\n\n\n\n<h2 class=\"wp-block-heading\"><strong>Tiempo de Vuelo de Stuttgart a Mallorca<\/strong><\/h2>\n\n\n\n<p>La ruta de vuelo de Stuttgart a Palma de Mallorca tiene una duraci\u00f3n <strong>aproximada de 2 horas y 5 minutos<\/strong>Este vuelo sin escalas ofrece una conexi\u00f3n pr\u00e1ctica y fluida entre la capital suaba y la soleada isla espa\u00f1ola.<\/p>\n\n\n\n<h2 class=\"wp-block-heading\"><strong>Tiempo de Vuelo de Leipzig a Mallorca<\/strong><\/h2>\n\n\n\n<p>El tiempo de vuelo de Leipzig a Mallorca puede variar seg\u00fan factores como la ruta de vuelo, las condiciones clim\u00e1ticas y la aerol\u00ednea. Normalmente, el tiempo de vuelo entre el Aeropuerto de Leipzig\/Halle (LEJ) y el Aeropuerto de Palma de Mallorca (PMI) es de <strong>unas 2,5 horas<\/strong>.<\/p>\n\n\n\n<p>\ud83d\udc49<strong> <a href=\"https:\/\/rentalpanda.es\/es\/\">Alquila asientos infantiles econ\u00f3micos<\/a> <\/strong>o un<strong> <a href=\"https:\/\/rentalpanda.es\/es\/alquilar-carro-de-playa\/\">Alquilar un Carrito de Playa<\/a> <\/strong>en Mallorca con RentalPanda!<\/p>\n\n\n<div class=\"wp-block-image is-style-rounded\">\n<figure class=\"aligncenter size-full\"><img decoding=\"async\" width=\"500\" height=\"334\" src=\"https:\/\/rentalpanda.es\/wp-content\/uploads\/2023\/05\/flugzeit_duesseldorf_mallorca.jpg\" alt=\"flugzeit_d\u00fcsseldorf_mallorca\" class=\"wp-image-12814\" srcset=\"https:\/\/rentalpanda.es\/wp-content\/uploads\/2023\/05\/flugzeit_duesseldorf_mallorca.jpg 500w, https:\/\/rentalpanda.es\/wp-content\/uploads\/2023\/05\/flugzeit_duesseldorf_mallorca-400x267.jpg 400w\" sizes=\"(max-width: 500px) 100vw, 500px\" \/><\/figure>\n<\/div>\n\n\n<p>&gt;&gt; Recuerda siempre que este es solo el tiempo de vuelo real a Mallorca y no incluye el tiempo necesario para el <strong>check-in, los controles de seguridad y cualquier tiempo de espera<\/strong> en el aeropuerto. Por lo tanto, planifica siempre con suficiente margen para tener tiempo para las formalidades necesarias.<\/p>\n\n\n\n<p><strong>\ud83d\udc49 <\/strong>\u00bfMovilidad reducida?<strong> <a href=\"https:\/\/rentalpanda.es\/es\/mallorca-alquiler-silla-de-ruedas\/\">\u00a1Alquiler de sillas de ruedas en Mallorca<\/a>!<\/strong><\/p>\n\n\n\n<h2 class=\"wp-block-heading\"><strong>Preguntas Frecuentes Sobre \u201c\u00bfCu\u00e1nto Tarda el Vuelo a Mallorca?\u201d<\/strong><\/h2>\n\n\n\n<div style=\"height:20px\" aria-hidden=\"true\" class=\"wp-block-spacer\"><\/div>\n\n\n\n<div class=\"schema-faq wp-block-yoast-faq-block\"><div class=\"schema-faq-section\" id=\"faq-question-1684466428468\"><strong class=\"schema-faq-question\"><strong>\u00bfCu\u00e1ntos aviones vuelan diariamente de Alemania a Mallorca?<\/strong><\/strong> <p class=\"schema-faq-answer\">Durante la temporada alta, aproximadamente 90 aviones parten diariamente de Alemania hacia Mallorca. Los viajeros alemanes son conocidos por su preferencia por volar y a menudo eligen el avi\u00f3n para pasar sus vacaciones en Mallorca.<\/p> <\/div> <div class=\"schema-faq-section\" id=\"faq-question-1684466470671\"><strong class=\"schema-faq-question\"><strong>\u00bfCu\u00e1nto dura un vuelo de Frankfurt a Espa\u00f1a?<\/strong><\/strong> <p class=\"schema-faq-answer\">Un vuelo de Frankfurt del Meno a Espa\u00f1a dura en promedio dos horas y media, dependiendo del destino espec\u00edfico en Espa\u00f1a. <\/p> <\/div> <div class=\"schema-faq-section\" id=\"faq-question-1684466491545\"><strong class=\"schema-faq-question\"><strong>\u00bfCu\u00e1nto dura el vuelo de Berl\u00edn Tegel a Mallorca?<\/strong><\/strong> <p class=\"schema-faq-answer\">El vuelo de Berl\u00edn Tegel a Mallorca dura aproximadamente 2 horas y 40 minutos. La isla balear de Mallorca sigue siendo muy popular en la capital alemana.<\/p> <\/div> <div class=\"schema-faq-section\" id=\"faq-question-1684466519003\"><strong class=\"schema-faq-question\"><strong>\u00bfCu\u00e1nto dura el tiempo de vuelo a Mallorca?<\/strong><\/strong> <p class=\"schema-faq-answer\">El tiempo de vuelo a Mallorca es, en promedio, de 2,5 horas. <\/p> <\/div> <\/div>\n\n\n\n<p>Lo M\u00e1s Importante en Resumen:<\/p>\n\n\n\n<ul class=\"wp-block-list\">\n<li><strong>Puedes volar a Mallorca desde todas las principales ciudades alemanas.<\/strong><\/li>\n\n\n\n<li><strong>La duraci\u00f3n del vuelo var\u00eda entre un m\u00ednimo de 2 horas y un m\u00e1ximo de 3 horas, dependiendo de la ciudad de salida.<\/strong><\/li>\n\n\n\n<li><strong>\u00bfCu\u00e1nto tarda el vuelo a Mallorca? En promedio, dos horas y media.<\/strong><\/li>\n<\/ul>","protected":false},"excerpt":{"rendered":"<p>Geh\u00f6rst du auch zu denjenigen, deren Lieblingsinsel Mallorca ist? Du m\u00f6chtest mal wieder hin und du fragst dich, wie lange fliegt man nach Mallorca? Dann bist du hier genau richtig! In folgendem Artikel erf\u00e4hrst du, wie lange es von den bekanntesten deutschen St\u00e4dten dauert, um nach Mallorca zu fliegen. Und los geht's! &#x1f449; Die 10 [&hellip;]<\/p>\n","protected":false},"author":1,"featured_media":12803,"comment_status":"open","ping_status":"open","sticky":false,"template":"","format":"standard","meta":{"footnotes":""},"categories":[512],"tags":[930,933,929,932,928],"class_list":["post-12800","post","type-post","status-publish","format-standard","has-post-thumbnail","hentry","category-urlaubsartikel-mieten","tag-flugdauer-mallorca","tag-flugzeit-duesseldorf-mallorca","tag-flugzeit-mallorca","tag-flugzeit-nach-mallorca","tag-wie-lange-fliegt-man-nach-mallorca"],"featured_image_src":{"landsacpe":["https:\/\/rentalpanda.es\/wp-content\/uploads\/2023\/05\/wie_lange_fliegt_man_nach_mallorca-1000x445.jpg",1000,445,true],"list":["https:\/\/rentalpanda.es\/wp-content\/uploads\/2023\/05\/wie_lange_fliegt_man_nach_mallorca-463x348.jpg",463,348,true],"medium":["https:\/\/rentalpanda.es\/wp-content\/uploads\/2023\/05\/wie_lange_fliegt_man_nach_mallorca-300x196.jpg",300,196,true],"full":["https:\/\/rentalpanda.es\/wp-content\/uploads\/2023\/05\/wie_lange_fliegt_man_nach_mallorca.jpg",1000,652,false]},"yoast_head":"<!-- This site is optimized with the Yoast SEO plugin v27.1.1 - https:\/\/yoast.com\/product\/yoast-seo-wordpress\/ -->\n<title>Wie lange fliegt man nach Mallorca? 9 St\u00e4dte + Flugzeit<\/title>\n<meta name=\"description\" content=\"Sonne, Strand und Meer: Wie lange fliegt man nach Mallorca? Entdecke die k\u00fcrzeste Flugzeit von Deutschlands St\u00e4dten auf die Insel Mallorca!\" \/>\n<meta name=\"robots\" content=\"index, follow, max-snippet:-1, max-image-preview:large, max-video-preview:-1\" \/>\n<link rel=\"canonical\" href=\"https:\/\/rentalpanda.es\/es\/tiempo-de-vuelo-a-mallorca\/\" \/>\n<meta property=\"og:locale\" content=\"es_ES\" \/>\n<meta property=\"og:type\" content=\"article\" \/>\n<meta property=\"og:title\" content=\"Wie lange fliegt man nach Mallorca? 9 St\u00e4dte + Flugzeit\" \/>\n<meta property=\"og:description\" content=\"Sonne, Strand und Meer: Wie lange fliegt man nach Mallorca? Entdecke die k\u00fcrzeste Flugzeit von Deutschlands St\u00e4dten auf die Insel Mallorca!\" \/>\n<meta property=\"og:url\" content=\"https:\/\/rentalpanda.es\/es\/tiempo-de-vuelo-a-mallorca\/\" \/>\n<meta property=\"og:site_name\" content=\"RentalPanda.es\" \/>\n<meta property=\"article:publisher\" content=\"https:\/\/www.facebook.com\/rentalpandamallorca\" \/>\n<meta property=\"article:published_time\" content=\"2023-05-19T04:07:54+00:00\" \/>\n<meta property=\"article:modified_time\" content=\"2026-03-02T07:46:55+00:00\" \/>\n<meta property=\"og:image\" content=\"https:\/\/rentalpanda.es\/wp-content\/uploads\/2023\/05\/wie_lange_fliegt_man_nach_mallorca.jpg\" \/>\n\t<meta property=\"og:image:width\" content=\"1000\" \/>\n\t<meta property=\"og:image:height\" content=\"652\" \/>\n\t<meta property=\"og:image:type\" content=\"image\/jpeg\" \/>\n<meta name=\"author\" content=\"rentalpanda\" \/>\n<meta name=\"twitter:card\" content=\"summary_large_image\" \/>\n<meta name=\"twitter:label1\" content=\"Escrito por\" \/>\n\t<meta name=\"twitter:data1\" content=\"rentalpanda\" \/>\n\t<meta name=\"twitter:label2\" content=\"Tiempo de lectura\" \/>\n\t<meta name=\"twitter:data2\" content=\"6 minutos\" \/>\n<script type=\"application\/ld+json\" class=\"yoast-schema-graph\">{\"@context\":\"https:\/\/schema.org\",\"@graph\":[{\"@type\":\"Article\",\"@id\":\"https:\/\/rentalpanda.es\/wie-lange-fliegt-man-nach-mallorca\/#article\",\"isPartOf\":{\"@id\":\"https:\/\/rentalpanda.es\/wie-lange-fliegt-man-nach-mallorca\/\"},\"author\":{\"name\":\"rentalpanda\",\"@id\":\"https:\/\/rentalpanda.es\/en\/#\/schema\/person\/da549bbd7f004e5c08bf3d1df1421606\"},\"headline\":\"Wie lange fliegt man nach Mallorca? 9 St\u00e4dte + Flugzeit\",\"datePublished\":\"2023-05-19T04:07:54+00:00\",\"dateModified\":\"2026-03-02T07:46:55+00:00\",\"mainEntityOfPage\":{\"@id\":\"https:\/\/rentalpanda.es\/wie-lange-fliegt-man-nach-mallorca\/\"},\"wordCount\":1169,\"commentCount\":0,\"publisher\":{\"@id\":\"https:\/\/rentalpanda.es\/en\/#organization\"},\"image\":{\"@id\":\"https:\/\/rentalpanda.es\/wie-lange-fliegt-man-nach-mallorca\/#primaryimage\"},\"thumbnailUrl\":\"https:\/\/rentalpanda.es\/wp-content\/uploads\/2023\/05\/wie_lange_fliegt_man_nach_mallorca.jpg\",\"keywords\":[\"flugdauer mallorca\",\"flugzeit d\u00fcsseldorf mallorca\",\"flugzeit mallorca\",\"flugzeit nach mallorca\",\"wie lange fliegt man nach mallorca\"],\"articleSection\":[\"Urlaubsartikel mieten\"],\"inLanguage\":\"es\",\"potentialAction\":[{\"@type\":\"CommentAction\",\"name\":\"Comment\",\"target\":[\"https:\/\/rentalpanda.es\/wie-lange-fliegt-man-nach-mallorca\/#respond\"]}]},{\"@type\":[\"WebPage\",\"FAQPage\"],\"@id\":\"https:\/\/rentalpanda.es\/wie-lange-fliegt-man-nach-mallorca\/\",\"url\":\"https:\/\/rentalpanda.es\/wie-lange-fliegt-man-nach-mallorca\/\",\"name\":\"Wie lange fliegt man nach Mallorca? 9 St\u00e4dte + Flugzeit\",\"isPartOf\":{\"@id\":\"https:\/\/rentalpanda.es\/en\/#website\"},\"primaryImageOfPage\":{\"@id\":\"https:\/\/rentalpanda.es\/wie-lange-fliegt-man-nach-mallorca\/#primaryimage\"},\"image\":{\"@id\":\"https:\/\/rentalpanda.es\/wie-lange-fliegt-man-nach-mallorca\/#primaryimage\"},\"thumbnailUrl\":\"https:\/\/rentalpanda.es\/wp-content\/uploads\/2023\/05\/wie_lange_fliegt_man_nach_mallorca.jpg\",\"datePublished\":\"2023-05-19T04:07:54+00:00\",\"dateModified\":\"2026-03-02T07:46:55+00:00\",\"description\":\"Sonne, Strand und Meer: Wie lange fliegt man nach Mallorca? Entdecke die k\u00fcrzeste Flugzeit von Deutschlands St\u00e4dten auf die Insel Mallorca!\",\"breadcrumb\":{\"@id\":\"https:\/\/rentalpanda.es\/wie-lange-fliegt-man-nach-mallorca\/#breadcrumb\"},\"mainEntity\":[{\"@id\":\"https:\/\/rentalpanda.es\/wie-lange-fliegt-man-nach-mallorca\/#faq-question-1684466428468\"},{\"@id\":\"https:\/\/rentalpanda.es\/wie-lange-fliegt-man-nach-mallorca\/#faq-question-1684466470671\"},{\"@id\":\"https:\/\/rentalpanda.es\/wie-lange-fliegt-man-nach-mallorca\/#faq-question-1684466491545\"},{\"@id\":\"https:\/\/rentalpanda.es\/wie-lange-fliegt-man-nach-mallorca\/#faq-question-1684466519003\"}],\"inLanguage\":\"es\",\"potentialAction\":[{\"@type\":\"ReadAction\",\"target\":[\"https:\/\/rentalpanda.es\/wie-lange-fliegt-man-nach-mallorca\/\"]}]},{\"@type\":\"ImageObject\",\"inLanguage\":\"es\",\"@id\":\"https:\/\/rentalpanda.es\/wie-lange-fliegt-man-nach-mallorca\/#primaryimage\",\"url\":\"https:\/\/rentalpanda.es\/wp-content\/uploads\/2023\/05\/wie_lange_fliegt_man_nach_mallorca.jpg\",\"contentUrl\":\"https:\/\/rentalpanda.es\/wp-content\/uploads\/2023\/05\/wie_lange_fliegt_man_nach_mallorca.jpg\",\"width\":1000,\"height\":652,\"caption\":\"wie lange fliegt man nach mallorca\"},{\"@type\":\"BreadcrumbList\",\"@id\":\"https:\/\/rentalpanda.es\/wie-lange-fliegt-man-nach-mallorca\/#breadcrumb\",\"itemListElement\":[{\"@type\":\"ListItem\",\"position\":1,\"name\":\"Startseite\",\"item\":\"https:\/\/rentalpanda.es\/\"},{\"@type\":\"ListItem\",\"position\":2,\"name\":\"Wie lange fliegt man nach Mallorca? 9 St\u00e4dte + Flugzeit\"}]},{\"@type\":\"WebSite\",\"@id\":\"https:\/\/rentalpanda.es\/en\/#website\",\"url\":\"https:\/\/rentalpanda.es\/en\/\",\"name\":\"RentalPanda.es\",\"description\":\"Baby, Beach &amp; Holiday Gear for Rent\",\"publisher\":{\"@id\":\"https:\/\/rentalpanda.es\/en\/#organization\"},\"potentialAction\":[{\"@type\":\"SearchAction\",\"target\":{\"@type\":\"EntryPoint\",\"urlTemplate\":\"https:\/\/rentalpanda.es\/en\/?s={search_term_string}\"},\"query-input\":{\"@type\":\"PropertyValueSpecification\",\"valueRequired\":true,\"valueName\":\"search_term_string\"}}],\"inLanguage\":\"es\"},{\"@type\":\"Organization\",\"@id\":\"https:\/\/rentalpanda.es\/en\/#organization\",\"name\":\"Rentalpanda.es\",\"url\":\"https:\/\/rentalpanda.es\/en\/\",\"logo\":{\"@type\":\"ImageObject\",\"inLanguage\":\"es\",\"@id\":\"https:\/\/rentalpanda.es\/en\/#\/schema\/logo\/image\/\",\"url\":\"https:\/\/rentalpanda.es\/wp-content\/uploads\/2017\/02\/rentalpanda-logo-webseite-end.png\",\"contentUrl\":\"https:\/\/rentalpanda.es\/wp-content\/uploads\/2017\/02\/rentalpanda-logo-webseite-end.png\",\"width\":260,\"height\":71,\"caption\":\"Rentalpanda.es\"},\"image\":{\"@id\":\"https:\/\/rentalpanda.es\/en\/#\/schema\/logo\/image\/\"},\"sameAs\":[\"https:\/\/www.facebook.com\/rentalpandamallorca\"]},{\"@type\":\"Person\",\"@id\":\"https:\/\/rentalpanda.es\/en\/#\/schema\/person\/da549bbd7f004e5c08bf3d1df1421606\",\"name\":\"rentalpanda\",\"image\":{\"@type\":\"ImageObject\",\"inLanguage\":\"es\",\"@id\":\"https:\/\/rentalpanda.es\/en\/#\/schema\/person\/image\/\",\"url\":\"https:\/\/rentalpanda.es\/wp-content\/litespeed\/avatar\/4a21927017bb45e230ffe8bbf21ba94d.jpg?ver=1776912473\",\"contentUrl\":\"https:\/\/rentalpanda.es\/wp-content\/litespeed\/avatar\/4a21927017bb45e230ffe8bbf21ba94d.jpg?ver=1776912473\",\"caption\":\"rentalpanda\"}},{\"@type\":\"Question\",\"@id\":\"https:\/\/rentalpanda.es\/wie-lange-fliegt-man-nach-mallorca\/#faq-question-1684466428468\",\"position\":1,\"url\":\"https:\/\/rentalpanda.es\/wie-lange-fliegt-man-nach-mallorca\/#faq-question-1684466428468\",\"name\":\"Wie viele Flugzeuge fliegen t\u00e4glich von Deutschland nach Mallorca?\",\"answerCount\":1,\"acceptedAnswer\":{\"@type\":\"Answer\",\"text\":\"In der Hochsaison fliegen t\u00e4glich etwa 90 Flugzeuge von Deutschland nach Mallorca. Deutsche Reisende sind bekannt f\u00fcr ihre Vorliebe f\u00fcr das Fliegen und sie nutzen gerne das Flugzeug, um ihren Urlaub auf Mallorca zu verbringen.\",\"inLanguage\":\"es\"},\"inLanguage\":\"es\"},{\"@type\":\"Question\",\"@id\":\"https:\/\/rentalpanda.es\/wie-lange-fliegt-man-nach-mallorca\/#faq-question-1684466470671\",\"position\":2,\"url\":\"https:\/\/rentalpanda.es\/wie-lange-fliegt-man-nach-mallorca\/#faq-question-1684466470671\",\"name\":\"Wie lange dauert ein Flug von Frankfurt am Main nach Spanien?\",\"answerCount\":1,\"acceptedAnswer\":{\"@type\":\"Answer\",\"text\":\"Ein Flug von Frankfurt am Main nach Spanien dauert durchschnittlich zweieinhalb Stunden, je nach dem um welches spanische Reiseziel es sich handelt. \",\"inLanguage\":\"es\"},\"inLanguage\":\"es\"},{\"@type\":\"Question\",\"@id\":\"https:\/\/rentalpanda.es\/wie-lange-fliegt-man-nach-mallorca\/#faq-question-1684466491545\",\"position\":3,\"url\":\"https:\/\/rentalpanda.es\/wie-lange-fliegt-man-nach-mallorca\/#faq-question-1684466491545\",\"name\":\"Wie lange fliegt man nach Mallorca von Berlin Tegel?\",\"answerCount\":1,\"acceptedAnswer\":{\"@type\":\"Answer\",\"text\":\"Man fliegt von Berlin Tegel nach Mallorca in ungef\u00e4hr 2 Stunden und 40 Minuten. Auch in der Bundeshauptstadt erfreut sich die Baleareninsel Mallorca nach wie vor gr\u00f6\u00dfter Beliebtheit.\",\"inLanguage\":\"es\"},\"inLanguage\":\"es\"},{\"@type\":\"Question\",\"@id\":\"https:\/\/rentalpanda.es\/wie-lange-fliegt-man-nach-mallorca\/#faq-question-1684466519003\",\"position\":4,\"url\":\"https:\/\/rentalpanda.es\/wie-lange-fliegt-man-nach-mallorca\/#faq-question-1684466519003\",\"name\":\"Wie lange betr\u00e4gt die Flugzeit nach Mallorca?\",\"answerCount\":1,\"acceptedAnswer\":{\"@type\":\"Answer\",\"text\":\"Die Flugzeit nach Mallorca betr\u00e4gt im Durchschnitt 2.5 Stunden. \",\"inLanguage\":\"es\"},\"inLanguage\":\"es\"}]}<\/script>\n<!-- \/ Yoast SEO plugin. -->","yoast_head_json":{"title":"\u00bfCu\u00e1nto Tiempo Tarda el Vuelo a Mallorca? 9 Ciudades + Tiempos de Vuelo","description":"Sol, playa y mar: \u00bfCu\u00e1nto dura el vuelo a Mallorca? \u00a1Descubre los tiempos de vuelo m\u00e1s cortos desde las ciudades de Alemania a la isla de Mallorca!","robots":{"index":"index","follow":"follow","max-snippet":"max-snippet:-1","max-image-preview":"max-image-preview:large","max-video-preview":"max-video-preview:-1"},"canonical":"https:\/\/rentalpanda.es\/es\/tiempo-de-vuelo-a-mallorca\/","og_locale":"es_ES","og_type":"article","og_title":"Wie lange fliegt man nach Mallorca? 9 St\u00e4dte + Flugzeit","og_description":"Sonne, Strand und Meer: Wie lange fliegt man nach Mallorca? Entdecke die k\u00fcrzeste Flugzeit von Deutschlands St\u00e4dten auf die Insel Mallorca!","og_url":"https:\/\/rentalpanda.es\/es\/tiempo-de-vuelo-a-mallorca\/","og_site_name":"RentalPanda.es","article_publisher":"https:\/\/www.facebook.com\/rentalpandamallorca","article_published_time":"2023-05-19T04:07:54+00:00","article_modified_time":"2026-03-02T07:46:55+00:00","og_image":[{"width":1000,"height":652,"url":"https:\/\/rentalpanda.es\/wp-content\/uploads\/2023\/05\/wie_lange_fliegt_man_nach_mallorca.jpg","type":"image\/jpeg"}],"author":"rentalpanda","twitter_card":"summary_large_image","twitter_misc":{"Escrito por":"rentalpanda","Tiempo de lectura":"6 minutos"},"schema":{"@context":"https:\/\/schema.org","@graph":[{"@type":"Article","@id":"https:\/\/rentalpanda.es\/wie-lange-fliegt-man-nach-mallorca\/#article","isPartOf":{"@id":"https:\/\/rentalpanda.es\/wie-lange-fliegt-man-nach-mallorca\/"},"author":{"name":"rentalpanda","@id":"https:\/\/rentalpanda.es\/en\/#\/schema\/person\/da549bbd7f004e5c08bf3d1df1421606"},"headline":"Wie lange fliegt man nach Mallorca? 9 St\u00e4dte + Flugzeit","datePublished":"2023-05-19T04:07:54+00:00","dateModified":"2026-03-02T07:46:55+00:00","mainEntityOfPage":{"@id":"https:\/\/rentalpanda.es\/wie-lange-fliegt-man-nach-mallorca\/"},"wordCount":1169,"commentCount":0,"publisher":{"@id":"https:\/\/rentalpanda.es\/en\/#organization"},"image":{"@id":"https:\/\/rentalpanda.es\/wie-lange-fliegt-man-nach-mallorca\/#primaryimage"},"thumbnailUrl":"https:\/\/rentalpanda.es\/wp-content\/uploads\/2023\/05\/wie_lange_fliegt_man_nach_mallorca.jpg","keywords":["flugdauer mallorca","flugzeit d\u00fcsseldorf mallorca","flugzeit mallorca","flugzeit nach mallorca","wie lange fliegt man nach mallorca"],"articleSection":["Urlaubsartikel mieten"],"inLanguage":"es","potentialAction":[{"@type":"CommentAction","name":"Comment","target":["https:\/\/rentalpanda.es\/wie-lange-fliegt-man-nach-mallorca\/#respond"]}]},{"@type":["WebPage","FAQPage"],"@id":"https:\/\/rentalpanda.es\/wie-lange-fliegt-man-nach-mallorca\/","url":"https:\/\/rentalpanda.es\/wie-lange-fliegt-man-nach-mallorca\/","name":"\u00bfCu\u00e1nto Tiempo Tarda el Vuelo a Mallorca? 9 Ciudades + Tiempos de Vuelo","isPartOf":{"@id":"https:\/\/rentalpanda.es\/en\/#website"},"primaryImageOfPage":{"@id":"https:\/\/rentalpanda.es\/wie-lange-fliegt-man-nach-mallorca\/#primaryimage"},"image":{"@id":"https:\/\/rentalpanda.es\/wie-lange-fliegt-man-nach-mallorca\/#primaryimage"},"thumbnailUrl":"https:\/\/rentalpanda.es\/wp-content\/uploads\/2023\/05\/wie_lange_fliegt_man_nach_mallorca.jpg","datePublished":"2023-05-19T04:07:54+00:00","dateModified":"2026-03-02T07:46:55+00:00","description":"Sol, playa y mar: \u00bfCu\u00e1nto dura el vuelo a Mallorca? \u00a1Descubre los tiempos de vuelo m\u00e1s cortos desde las ciudades de Alemania a la isla de Mallorca!","breadcrumb":{"@id":"https:\/\/rentalpanda.es\/wie-lange-fliegt-man-nach-mallorca\/#breadcrumb"},"mainEntity":[{"@id":"https:\/\/rentalpanda.es\/wie-lange-fliegt-man-nach-mallorca\/#faq-question-1684466428468"},{"@id":"https:\/\/rentalpanda.es\/wie-lange-fliegt-man-nach-mallorca\/#faq-question-1684466470671"},{"@id":"https:\/\/rentalpanda.es\/wie-lange-fliegt-man-nach-mallorca\/#faq-question-1684466491545"},{"@id":"https:\/\/rentalpanda.es\/wie-lange-fliegt-man-nach-mallorca\/#faq-question-1684466519003"}],"inLanguage":"es","potentialAction":[{"@type":"ReadAction","target":["https:\/\/rentalpanda.es\/wie-lange-fliegt-man-nach-mallorca\/"]}]},{"@type":"ImageObject","inLanguage":"es","@id":"https:\/\/rentalpanda.es\/wie-lange-fliegt-man-nach-mallorca\/#primaryimage","url":"https:\/\/rentalpanda.es\/wp-content\/uploads\/2023\/05\/wie_lange_fliegt_man_nach_mallorca.jpg","contentUrl":"https:\/\/rentalpanda.es\/wp-content\/uploads\/2023\/05\/wie_lange_fliegt_man_nach_mallorca.jpg","width":1000,"height":652,"caption":"wie lange fliegt man nach mallorca"},{"@type":"BreadcrumbList","@id":"https:\/\/rentalpanda.es\/wie-lange-fliegt-man-nach-mallorca\/#breadcrumb","itemListElement":[{"@type":"ListItem","position":1,"name":"Startseite","item":"https:\/\/rentalpanda.es\/"},{"@type":"ListItem","position":2,"name":"Wie lange fliegt man nach Mallorca? 9 St\u00e4dte + Flugzeit"}]},{"@type":"WebSite","@id":"https:\/\/rentalpanda.es\/en\/#website","url":"https:\/\/rentalpanda.es\/en\/","name":"RentalPanda.es","description":"Baby, Beach &amp; Holiday Gear for Rent","publisher":{"@id":"https:\/\/rentalpanda.es\/en\/#organization"},"potentialAction":[{"@type":"SearchAction","target":{"@type":"EntryPoint","urlTemplate":"https:\/\/rentalpanda.es\/en\/?s={search_term_string}"},"query-input":{"@type":"PropertyValueSpecification","valueRequired":true,"valueName":"search_term_string"}}],"inLanguage":"es"},{"@type":"Organization","@id":"https:\/\/rentalpanda.es\/en\/#organization","name":"Rentalpanda.es","url":"https:\/\/rentalpanda.es\/en\/","logo":{"@type":"ImageObject","inLanguage":"es","@id":"https:\/\/rentalpanda.es\/en\/#\/schema\/logo\/image\/","url":"https:\/\/rentalpanda.es\/wp-content\/uploads\/2017\/02\/rentalpanda-logo-webseite-end.png","contentUrl":"https:\/\/rentalpanda.es\/wp-content\/uploads\/2017\/02\/rentalpanda-logo-webseite-end.png","width":260,"height":71,"caption":"Rentalpanda.es"},"image":{"@id":"https:\/\/rentalpanda.es\/en\/#\/schema\/logo\/image\/"},"sameAs":["https:\/\/www.facebook.com\/rentalpandamallorca"]},{"@type":"Person","@id":"https:\/\/rentalpanda.es\/en\/#\/schema\/person\/da549bbd7f004e5c08bf3d1df1421606","name":"rentalpanda","image":{"@type":"ImageObject","inLanguage":"es","@id":"https:\/\/rentalpanda.es\/en\/#\/schema\/person\/image\/","url":"https:\/\/rentalpanda.es\/wp-content\/litespeed\/avatar\/4a21927017bb45e230ffe8bbf21ba94d.jpg?ver=1776912473","contentUrl":"https:\/\/rentalpanda.es\/wp-content\/litespeed\/avatar\/4a21927017bb45e230ffe8bbf21ba94d.jpg?ver=1776912473","caption":"rentalpanda"}},{"@type":"Question","@id":"https:\/\/rentalpanda.es\/wie-lange-fliegt-man-nach-mallorca\/#faq-question-1684466428468","position":1,"url":"https:\/\/rentalpanda.es\/wie-lange-fliegt-man-nach-mallorca\/#faq-question-1684466428468","name":"\u00bfCu\u00e1ntos aviones vuelan diariamente de Alemania a Mallorca?","answerCount":1,"acceptedAnswer":{"@type":"Answer","text":"In der Hochsaison fliegen t\u00e4glich etwa 90 Flugzeuge von Deutschland nach Mallorca. Deutsche Reisende sind bekannt f\u00fcr ihre Vorliebe f\u00fcr das Fliegen und sie nutzen gerne das Flugzeug, um ihren Urlaub auf Mallorca zu verbringen.","inLanguage":"es"},"inLanguage":"es"},{"@type":"Question","@id":"https:\/\/rentalpanda.es\/wie-lange-fliegt-man-nach-mallorca\/#faq-question-1684466470671","position":2,"url":"https:\/\/rentalpanda.es\/wie-lange-fliegt-man-nach-mallorca\/#faq-question-1684466470671","name":"\u00bfCu\u00e1nto dura un vuelo de Frankfurt a Espa\u00f1a?","answerCount":1,"acceptedAnswer":{"@type":"Answer","text":"Ein Flug von Frankfurt am Main nach Spanien dauert durchschnittlich zweieinhalb Stunden, je nach dem um welches spanische Reiseziel es sich handelt. ","inLanguage":"es"},"inLanguage":"es"},{"@type":"Question","@id":"https:\/\/rentalpanda.es\/wie-lange-fliegt-man-nach-mallorca\/#faq-question-1684466491545","position":3,"url":"https:\/\/rentalpanda.es\/wie-lange-fliegt-man-nach-mallorca\/#faq-question-1684466491545","name":"\u00bfCu\u00e1nto dura el vuelo de Berl\u00edn Tegel a Mallorca?","answerCount":1,"acceptedAnswer":{"@type":"Answer","text":"Man fliegt von Berlin Tegel nach Mallorca in ungef\u00e4hr 2 Stunden und 40 Minuten. Auch in der Bundeshauptstadt erfreut sich die Baleareninsel Mallorca nach wie vor gr\u00f6\u00dfter Beliebtheit.","inLanguage":"es"},"inLanguage":"es"},{"@type":"Question","@id":"https:\/\/rentalpanda.es\/wie-lange-fliegt-man-nach-mallorca\/#faq-question-1684466519003","position":4,"url":"https:\/\/rentalpanda.es\/wie-lange-fliegt-man-nach-mallorca\/#faq-question-1684466519003","name":"\u00bfCu\u00e1nto dura el tiempo de vuelo a Mallorca?","answerCount":1,"acceptedAnswer":{"@type":"Answer","text":"Die Flugzeit nach Mallorca betr\u00e4gt im Durchschnitt 2.5 Stunden. ","inLanguage":"es"},"inLanguage":"es"}]}},"_links":{"self":[{"href":"https:\/\/rentalpanda.es\/es\/wp-json\/wp\/v2\/posts\/12800","targetHints":{"allow":["GET"]}}],"collection":[{"href":"https:\/\/rentalpanda.es\/es\/wp-json\/wp\/v2\/posts"}],"about":[{"href":"https:\/\/rentalpanda.es\/es\/wp-json\/wp\/v2\/types\/post"}],"author":[{"embeddable":true,"href":"https:\/\/rentalpanda.es\/es\/wp-json\/wp\/v2\/users\/1"}],"replies":[{"embeddable":true,"href":"https:\/\/rentalpanda.es\/es\/wp-json\/wp\/v2\/comments?post=12800"}],"version-history":[{"count":13,"href":"https:\/\/rentalpanda.es\/es\/wp-json\/wp\/v2\/posts\/12800\/revisions"}],"predecessor-version":[{"id":23242,"href":"https:\/\/rentalpanda.es\/es\/wp-json\/wp\/v2\/posts\/12800\/revisions\/23242"}],"wp:featuredmedia":[{"embeddable":true,"href":"https:\/\/rentalpanda.es\/es\/wp-json\/wp\/v2\/media\/12803"}],"wp:attachment":[{"href":"https:\/\/rentalpanda.es\/es\/wp-json\/wp\/v2\/media?parent=12800"}],"wp:term":[{"taxonomy":"category","embeddable":true,"href":"https:\/\/rentalpanda.es\/es\/wp-json\/wp\/v2\/categories?post=12800"},{"taxonomy":"post_tag","embeddable":true,"href":"https:\/\/rentalpanda.es\/es\/wp-json\/wp\/v2\/tags?post=12800"}],"curies":[{"name":"wp","href":"https:\/\/api.w.org\/{rel}","templated":true}]}}