{"id":12294,"date":"2023-03-08T07:00:49","date_gmt":"2023-03-08T07:00:49","guid":{"rendered":"https:\/\/rentalpanda.es\/?p=12294"},"modified":"2025-11-24T05:36:05","modified_gmt":"2025-11-24T05:36:05","slug":"alquiler-bicicletas-mallorca","status":"publish","type":"post","link":"https:\/\/rentalpanda.es\/es\/fahrradverleih-mallorca\/","title":{"rendered":"Alquiler de Bicicletas en Mallorca: Para Ni\u00f1os, la Mejor Forma de Explorar"},"content":{"rendered":"<p><\/p>\n\n\n\n<p>Si buscas una forma divertida y saludable de mantener a tu familia entretenida durante las vacaciones, el alquiler de bicicletas para ni\u00f1os en Mallorca es la elecci\u00f3n perfecta. Con su clima maravilloso, paisajes impresionantes y rutas seguras y adaptadas a los m\u00e1s peque\u00f1os, alquilar una bicicleta es la mejor manera de que los ni\u00f1os descubran la isla.<\/p>\n\n\n\n<p>Desde relajantes paseos por la costa hasta desafiantes ascensos por la monta\u00f1a, hay opciones para todas las edades y niveles. As\u00ed que, \u00bfpor qu\u00e9 no dejar las pantallas a un lado y ofrecer a tu familia una experiencia vacacional verdaderamente inolvidable?<\/p>\n\n\n\n<h2 class=\"wp-block-heading\"><strong><strong>Descubre los Tesoros Ocultos de Mallorca con el Alquiler de Bicicletas<\/strong><\/strong><\/h2>\n\n\n\n<p>Si est\u00e1s planeando unas vacaciones familiares en Mallorca, sin duda te sobrar\u00e1n opciones de actividades. Desde descansar en playas paradis\u00edacas hasta recorrer pueblos y ciudades hist\u00f3ricas, hay mucho por hacer.<\/p>\n\n\n\n<p>Sin embargo, si realmente quieres aprovechar al m\u00e1ximo tu viaje, \u00bfpor qu\u00e9 no alquilar una bicicleta y descubrir los rincones m\u00e1s secretos de la isla? Con el alquiler de bicicletas para ni\u00f1os en Mallorca, podr\u00e1s explorar calas escondidas, vistas espectaculares de monta\u00f1a y encantadores pueblos rurales que de otro modo pasar\u00edas por alto.<\/p>\n\n\n\n<p><strong><strong><strong>\ud83d\udc49<\/strong><\/strong> <\/strong>Necesitas una Silla de Ruedas?<strong> <a href=\"https:\/\/rentalpanda.es\/es\/mallorca-alquiler-silla-de-ruedas\/\">Alquiler de Sillas de Ruedas en Mallorca<\/a><\/strong>!<\/p>\n\n\n<div class=\"wp-block-image is-style-rounded\">\n<figure class=\"aligncenter size-full is-resized\"><img decoding=\"async\" width=\"500\" height=\"334\" src=\"https:\/\/rentalpanda.es\/wp-content\/uploads\/2023\/03\/majorca-bike-hire-2.jpg\" alt=\"majorca-bike-hire\" class=\"wp-image-12302\" style=\"width:375px;height:251px\" srcset=\"https:\/\/rentalpanda.es\/wp-content\/uploads\/2023\/03\/majorca-bike-hire-2.jpg 500w, https:\/\/rentalpanda.es\/wp-content\/uploads\/2023\/03\/majorca-bike-hire-2-400x267.jpg 400w\" sizes=\"(max-width: 500px) 100vw, 500px\" \/><\/figure>\n<\/div>\n\n\n<div style=\"height:25px\" aria-hidden=\"true\" class=\"wp-block-spacer\"><\/div>\n\n\n\n<h3 class=\"wp-block-heading\"><strong><strong>Alquiler de Bicicletas en Mallorca significa: \u00a1Escapar de las Multitudes y Disfrutar de la Tranquilidad!<\/strong><\/strong><\/h3>\n\n\n\n<p>Una de las mejores cosas del alquiler de bicicletas en Mallorca con ni\u00f1os es que te permite escapar del bullicio y disfrutar de la paz y el silencio. Mientras que algunos de los destinos m\u00e1s populares pueden llenarse durante la temporada alta, hay muchos caminos secundarios y senderos tranquilos perfectos para pedalear.<\/p>\n\n\n\n<p><strong><strong><strong><strong>\ud83d\udc49<\/strong><\/strong><\/strong> <\/strong>NO OLVIDES:<strong> <a href=\"https:\/\/rentalpanda.es\/es\/\">Alquilar Silla de Coche y Cochecito de Beb\u00e9<\/a> f\u00fcr den Familienurlaub auf Mallorca!<\/strong><\/p>\n\n\n\n<p>Con el viento en el pelo y el sol en la cara, podr\u00e1s explorar la isla a tu propio ritmo y admirar el impresionante paisaje sin las distracciones del turismo masivo.<\/p>\n\n\n\n<h3 class=\"wp-block-heading\"><strong><strong>Ponte en Marcha y Explora los Impresionantes Paisajes de la Isla<\/strong><\/strong><\/h3>\n\n\n\n<p>Otra gran raz\u00f3n para alquilar bicicletas para ni\u00f1os en Mallorca es que te permite mantenerte activo mientras disfrutas de los paisajes m\u00e1s espectaculares de la isla. Tanto si eres un ciclista experimentado como si solo buscas un paseo relajado, hay rutas para todos los niveles. <strong><strong><strong><strong><strong><strong><strong><strong>\ud83d\udc49<\/strong><\/strong><\/strong><\/strong><\/strong><\/strong><\/strong><\/strong> <strong><a href=\"https:\/\/rentalpanda.es\/es\/rutas-bicicleta-mallorca-principiantes\/\">Las Mejores Rutas en Bicicleta en Mallorca para Principiantes<\/a><\/strong><\/p>\n\n\n\n<p>Desde exigentes senderos de monta\u00f1a hasta suaves rutas costeras, puedes adaptar la experiencia ciclista de tu familia seg\u00fan vuestras preferencias. No solo har\u00e9is ejercicio, sino que tambi\u00e9n disfrutar\u00e9is de unas vistas impresionantes por el camino. <\/p>\n\n\n\n<p><strong><strong><strong><strong><strong>\ud83d\udc49<\/strong><\/strong><\/strong><\/strong> <\/strong>DESCUBRE<strong> <a href=\"https:\/\/rentalpanda.es\/en\/family-travel-mallorca-budget\/\">8 Consejos para unas Vacaciones Familiares Baratas en Mallorca<\/a><\/strong><\/p>\n\n\n\n<h2 class=\"wp-block-heading\"><strong><strong>Alquiler de Bicicletas para Ni\u00f1os en Mallorca: C\u00f3modo y Econ\u00f3mico<\/strong><\/strong><\/h2>\n\n\n\n<p>Cuando se trata de alquilar bicicletas en Mallorca, la comodidad y el precio son factores clave. Con una amplia red de tiendas de alquiler repartidas por toda la isla, nunca estar\u00e1s lejos de un punto de recogida. <\/p>\n\n\n\n<p>Adem\u00e1s, el alquiler de bicicletas en Mallorca es relativamente econ\u00f3mico en comparaci\u00f3n con otras actividades vacacionales, lo que lo convierte en una opci\u00f3n accesible para todos los bolsillos. Tanto si buscas una bicicleta de carretera de alta gama como una bici peque\u00f1a para los m\u00e1s peques, encontrar\u00e1s algo que se adapte a tus necesidades.<\/p>\n\n\n\n<p><strong><strong><strong><strong><strong><strong>\ud83d\udc49<\/strong><\/strong><\/strong><\/strong><\/strong> <\/strong>NECESITAS M\u00c1XIMA FLEXIBILIDAD?<strong> <a href=\"https:\/\/rentalpanda.es\/es\/alquilar-scooter-movilidad-vacaciones-mallorca\/\">Alquiler de Scooters de Movilidad en Mallorca<\/a> con RentalPanda.es!<\/strong><\/p>\n\n\n<div class=\"wp-block-image is-style-rounded\">\n<figure class=\"aligncenter size-full is-resized\"><img decoding=\"async\" width=\"500\" height=\"334\" src=\"https:\/\/rentalpanda.es\/wp-content\/uploads\/2023\/03\/majorca_bike_hire.jpg\" alt=\"majorca_bike_hire\" class=\"wp-image-12305\" style=\"width:375px;height:251px\" srcset=\"https:\/\/rentalpanda.es\/wp-content\/uploads\/2023\/03\/majorca_bike_hire.jpg 500w, https:\/\/rentalpanda.es\/wp-content\/uploads\/2023\/03\/majorca_bike_hire-400x267.jpg 400w\" sizes=\"(max-width: 500px) 100vw, 500px\" \/><\/figure>\n<\/div>\n\n\n<div style=\"height:25px\" aria-hidden=\"true\" class=\"wp-block-spacer\"><\/div>\n\n\n\n<h3 class=\"wp-block-heading\"><strong><strong>M\u00e1s Razones por las que el Alquiler de Bicicletas en Mallorca es la Opci\u00f3n Familiar Perfecta<\/strong><\/strong><\/h3>\n\n\n\n<p>Aqu\u00ed tienes m\u00e1s motivos por los que el alquiler de bicicletas en familia en Mallorca es una gran idea:<\/p>\n\n\n\n<ul class=\"wp-block-list\">\n<li><strong>Explora la historia y la cultura de la isla<\/strong>: Mallorca est\u00e1 llena de historia y cultura, y alquilar una bici es una forma fant\u00e1stica de descubrir sus museos, galer\u00edas y monumentos antiguos. Desde la catedral g\u00f3tica de Palma hasta las ruinas de Pollentia, hay muchos tesoros culturales por descubrir sobre dos ruedas. <strong><strong><strong><strong><strong><strong><strong>\ud83d\udc49<\/strong><\/strong><\/strong><\/strong><\/strong><\/strong> EMOCIONANTE: <a href=\"https:\/\/rentalpanda.es\/es\/10-mejores-tesoros-escondidos-mallorca\/\">Los 10 Tesoros Ocultos de Mallorca para Turistas Espa\u00f1oles<\/a><\/strong><\/li>\n<\/ul>\n\n\n\n<ul class=\"wp-block-list\">\n<li><strong>Prueba la deliciosa gastronom\u00eda mallorquina<\/strong>: Mallorca es famosa por su comida y bebida, y pedalear es la mejor forma de abrir el apetito. Desde tapas tradicionales hasta restaurantes con estrella Michelin, hay opciones para todos los gustos.<\/li>\n<\/ul>\n\n\n\n<ul class=\"wp-block-list\">\n<li><strong>Conoce a gente con tus mismos intereses<\/strong>: El ciclismo es una actividad social, y alquilar una bici en Mallorca es una oportunidad perfecta para conocer a otras personas aficionadas al ciclismo. Ya sea uni\u00e9ndote a una ruta guiada o charlando con otros ciclistas en el camino, seguro que har\u00e1s nuevos amigos y recuerdos inolvidables.<br><br><strong><strong><strong><strong><strong><strong><strong><strong>\ud83d\udc49<\/strong><\/strong><\/strong><\/strong><\/strong><\/strong><\/strong> <\/strong>ALQUILER COCHE:<strong> <a href=\"https:\/\/rentalpanda.es\/es\/alquiler-coches-aeropuerto-mallorca\/\">Alquiler de Coches en el Aeropuerto de Mallorca<\/a><\/strong> - Lo Esencial a Saber!<br><\/li>\n<\/ul>\n\n\n\n<ul class=\"wp-block-list\">\n<li><strong>Reta a tu familia:<\/strong> Si busc\u00e1is un reto, el terreno monta\u00f1oso de Mallorca pondr\u00e1 a prueba vuestras habilidades y resistencia. Desde las sinuosas carreteras de la Serra de Tramuntana hasta las empinadas cuestas de Cap de Formentor, hay rutas desafiantes para conquistar.<\/li>\n<\/ul>\n\n\n\n<ul class=\"wp-block-list\">\n<li><strong>Disfruta de la belleza natural de la isla<\/strong>: Mallorca presume de algunos de los paisajes m\u00e1s bellos del Mediterr\u00e1neo, y el ciclismo es la mejor forma de disfrutarlos. Desde las aguas turquesas de Cala Agulla hasta los impresionantes acantilados de Sa Calobra o cualquier otro encantador pueblo vacacional de Mallorca, hay infinitas vistas que te dejar\u00e1n sin aliento.<\/li>\n<\/ul>\n\n\n\n<ul class=\"wp-block-list\">\n<li><strong>Escapa del calor<\/strong>: En pleno verano, el sol puede ser intenso en Mallorca. Sin embargo, ir en bici te permite disfrutar de la brisa marina y del aire fresco de la monta\u00f1a, una forma perfecta de aliviar el calor. O disfruta de una ruta hasta la mejor playa de Mallorca \u2013 \u00a1l\u00e9elo todo en nuestra <strong><strong><strong><strong><strong><strong><strong><strong>\ud83d\udc49<\/strong><\/strong><\/strong><\/strong><\/strong><\/strong><\/strong><\/strong> <a href=\"https:\/\/rentalpanda.es\/es\/guia-de-playas-mallorca\/\"><strong>Gu\u00eda para Amantes de las Playas de Mallorca!<\/strong><\/a><\/li>\n<\/ul>\n\n\n\n<p><\/p>\n\n\n\n<h3 class=\"wp-block-heading\"><strong>Sin Preocuparte por el Transporte o el Aparcamiento<\/strong><\/h3>\n\n\n\n<p>Otra gran ventaja del alquiler de bicicletas en Mallorca es que te olvidas del transporte y del aparcamiento. Con una bici, puedes moverte f\u00e1cilmente por la isla sin depender del transporte p\u00fablico ni preocuparte por encontrar sitio donde aparcar.<\/p>\n\n\n\n<p>Esto da a tu familia la libertad de explorar Mallorca a vuestro propio ritmo y descubrir lugares escondidos que de otro modo no habr\u00edais encontrado.<\/p>\n\n\n\n<h2 class=\"wp-block-heading\"><strong>Mallorca Bicicletas: Ecol\u00f3gicas y Sostenibles<\/strong><\/h2>\n\n\n\n<p>El alquiler de bicicletas para ni\u00f1os en Mallorca tambi\u00e9n es una opci\u00f3n ecol\u00f3gica y sostenible. Cada vez m\u00e1s viajeros se preocupan por el impacto ambiental de sus vacaciones, y el ciclismo es una excelente forma de reducir la huella de carbono y disfrutar de unas vacaciones m\u00e1s sostenibles.<\/p>\n\n\n\n<p>Adem\u00e1s, muchas tiendas de alquiler en la isla ofrecen opciones ecol\u00f3gicas, como bicicletas el\u00e9ctricas impulsadas por energ\u00eda renovable.<\/p>\n\n\n\n<p><strong><strong><strong><strong><strong><strong><strong><strong><strong>\ud83d\udc49<\/strong><\/strong><\/strong><\/strong><\/strong><\/strong><\/strong><\/strong> <\/strong>CONSEJO PRO:<strong> <a href=\"https:\/\/rentalpanda.es\/es\/alquiler-equipo-bebe-playa-mallorca\/\">Alquiler de Equipamiento para Beb\u00e9s y Playa en Mallorca<\/a><\/strong><\/p>\n\n\n<div class=\"wp-block-image\">\n<figure class=\"aligncenter size-full is-resized\"><img decoding=\"async\" width=\"427\" height=\"480\" src=\"https:\/\/rentalpanda.es\/wp-content\/uploads\/2018\/03\/children-bike-hire-mallorca.png\" alt=\"Majorca Bike Hire For Kids \" class=\"wp-image-6857\" style=\"width:320px;height:360px\"\/><\/figure>\n<\/div>\n\n\n<h2 class=\"wp-block-heading\"><strong><strong>Conclusi\u00f3n: Por Qu\u00e9 el Alquiler de Bicicletas en Mallorca Deber\u00eda Estar en tu Agenda de Vacaciones<\/strong><\/strong><\/h2>\n\n\n\n<p>En definitiva, alquilar una bicicleta en Mallorca es una manera fant\u00e1stica de explorar la isla y aprovechar al m\u00e1ximo tus vacaciones. No es de extra\u00f1ar que el ciclismo se haya convertido en una de las actividades m\u00e1s populares de la isla: tanto si quieres conocer su historia y cultura, probar su gastronom\u00eda o simplemente disfrutar de sus paisajes naturales, hay algo para todos sobre dos ruedas.<\/p>\n\n\n\n<p><\/p>\n\n\n\n<p>Con opciones de alquiler de bicicletas c\u00f3modas y asequibles por toda la isla, no hay excusa para no probarlo en tu pr\u00f3ximo viaje a Mallorca.<\/p>\n\n\n\n<div class=\"schema-faq wp-block-yoast-faq-block\"><div class=\"schema-faq-section\" id=\"faq-question-1678257786422\"><strong class=\"schema-faq-question\">Preguntas Frecuentes<\/strong> <p class=\"schema-faq-answer\">\u00bfTienes dudas sobre el alquiler de bicicletas en Mallorca? Aqu\u00ed puedes encontrar las respuestas:<\/p> <\/div> <div class=\"schema-faq-section\" id=\"faq-question-1678257928765\"><strong class=\"schema-faq-question\">\u00bfCu\u00e1nto cuesta alquilar una bicicleta en Mallorca?<\/strong> <p class=\"schema-faq-answer\">El precio del alquiler de bicicletas para ni\u00f1os en Mallorca var\u00eda seg\u00fan el tipo de bici y la duraci\u00f3n del alquiler. Calcula entre 5 y 10 \u20ac al d\u00eda para una bicicleta b\u00e1sica. Algunas tiendas ofrecen descuentos por alquileres de varios d\u00edas.<\/p> <\/div> <div class=\"schema-faq-section\" id=\"faq-question-1678257951554\"><strong class=\"schema-faq-question\">\u00bfNecesito experiencia para alquilar una bicicleta infantil en Mallorca?<\/strong> <p class=\"schema-faq-answer\">No. Mallorca cuenta con rutas para todos los niveles. Hay caminos llanos junto al mar para paseos tranquilos y subidas de monta\u00f1a para ciclistas m\u00e1s avanzados. Elige siempre la bicicleta y la ruta adecuadas a tu nivel para garantizar una experiencia segura y divertida.<\/p> <\/div> <div class=\"schema-faq-section\" id=\"faq-question-1678258028195\"><strong class=\"schema-faq-question\">\u00bfPuedo llevar mi propia bicicleta a Mallorca?<\/strong> <p class=\"schema-faq-answer\">S\u00ed, muchas aerol\u00edneas permiten llevar tu bici por un peque\u00f1o suplemento. Sin embargo, alquilar una bicicleta en la isla suele ser m\u00e1s c\u00f3modo y econ\u00f3mico, ya que las empresas de alquiler ofrecen mantenimiento, almacenamiento y consejos sobre rutas.<\/p> <\/div> <div class=\"schema-faq-section\" id=\"faq-question-1678258062199\"><strong class=\"schema-faq-question\">\u00bfQu\u00e9 medidas de seguridad debo tener en cuenta al ir en bici por Mallorca?<\/strong> <p class=\"schema-faq-answer\">Es fundamental que tanto t\u00fa como tus hijos llev\u00e9is casco, us\u00e9is luces y reflectores en condiciones de poca luz y respet\u00e9is las normas de tr\u00e1fico. Llevad siempre agua, protector solar y un m\u00f3vil por si hay alguna emergencia. Tambi\u00e9n puedes unirte a una ruta guiada o contratar un gu\u00eda local para mayor seguridad y orientaci\u00f3n.<\/p> <\/div> <\/div>\n\n\n\n<p><\/p>","protected":false},"excerpt":{"rendered":"<p>Wenn du nach einer unterhaltsamen und aktiven M\u00f6glichkeit suchst, deine Familie im Urlaub zu besch\u00e4ftigen, ist das Ausleihen eines Fahrrads auf Mallorca f\u00fcr Kinder die perfekte Wahl. Mit dem wundersch\u00f6nen Klima, den atemberaubenden Landschaften und den sicheren, kinderfreundlichen Radwegen ist das Fahrrad der ultimative Weg, die Insel zu erkunden. Von gem\u00fctlichen K\u00fcstentouren bis hin zu [&hellip;]<\/p>\n","protected":false},"author":1,"featured_media":12309,"comment_status":"open","ping_status":"open","sticky":false,"template":"","format":"standard","meta":{"footnotes":""},"categories":[515,512],"tags":[1188,1189,1149,1190,1191,1187],"class_list":["post-12294","post","type-post","status-publish","format-standard","has-post-thumbnail","hentry","category-urlaubsartikel-mieten-en","category-urlaubsartikel-mieten","tag-fahrradverleih-in-alcudia","tag-fahrradverleih-in-cala-millor","tag-fahrradverleih-mallorca","tag-fahrradverleih-mallorca-preise","tag-kinderfahrrad-mieten-mallorca","tag-preise-fuer-fahrradverleih-auf-mallorca"],"featured_image_src":{"landsacpe":["https:\/\/rentalpanda.es\/wp-content\/uploads\/2023\/03\/majorca-bike-hire-kids-1000x445.jpg",1000,445,true],"list":["https:\/\/rentalpanda.es\/wp-content\/uploads\/2023\/03\/majorca-bike-hire-kids-463x348.jpg",463,348,true],"medium":["https:\/\/rentalpanda.es\/wp-content\/uploads\/2023\/03\/majorca-bike-hire-kids-300x200.jpg",300,200,true],"full":["https:\/\/rentalpanda.es\/wp-content\/uploads\/2023\/03\/majorca-bike-hire-kids.jpg",1000,665,false]},"yoast_head":"<!-- This site is optimized with the Yoast SEO plugin v27.1.1 - https:\/\/yoast.com\/product\/yoast-seo-wordpress\/ -->\n<title>Mallorca Fahrradverleih f\u00fcr Kinder: Entdecke die Insel | RentalPanda<\/title>\n<meta name=\"description\" content=\"Fahrradverleih auf Mallorca: Familienspa\u00df pur! Erlebe Abenteuer, Geschichte und beeindruckende Natur mit dem Fahrrad!\" \/>\n<meta name=\"robots\" content=\"index, follow, max-snippet:-1, max-image-preview:large, max-video-preview:-1\" \/>\n<link rel=\"canonical\" href=\"https:\/\/rentalpanda.es\/es\/alquiler-bicicletas-mallorca\/\" \/>\n<meta property=\"og:locale\" content=\"es_ES\" \/>\n<meta property=\"og:type\" content=\"article\" \/>\n<meta property=\"og:title\" content=\"Mallorca Fahrradverleih f\u00fcr Kinder: Entdecke die Insel | RentalPanda\" \/>\n<meta property=\"og:description\" content=\"Fahrradverleih auf Mallorca: Familienspa\u00df pur! Erlebe Abenteuer, Geschichte und beeindruckende Natur mit dem Fahrrad!\" \/>\n<meta property=\"og:url\" content=\"https:\/\/rentalpanda.es\/es\/alquiler-bicicletas-mallorca\/\" \/>\n<meta property=\"og:site_name\" content=\"RentalPanda.es\" \/>\n<meta property=\"article:publisher\" content=\"https:\/\/www.facebook.com\/rentalpandamallorca\" \/>\n<meta property=\"article:published_time\" content=\"2023-03-08T07:00:49+00:00\" \/>\n<meta property=\"article:modified_time\" content=\"2025-11-24T05:36:05+00:00\" \/>\n<meta property=\"og:image\" content=\"https:\/\/rentalpanda.es\/wp-content\/uploads\/2023\/03\/majorca-bike-hire-kids.jpg\" \/>\n\t<meta property=\"og:image:width\" content=\"1000\" \/>\n\t<meta property=\"og:image:height\" content=\"665\" \/>\n\t<meta property=\"og:image:type\" content=\"image\/jpeg\" \/>\n<meta name=\"author\" content=\"rentalpanda\" \/>\n<meta name=\"twitter:card\" content=\"summary_large_image\" \/>\n<meta name=\"twitter:label1\" content=\"Escrito por\" \/>\n\t<meta name=\"twitter:data1\" content=\"rentalpanda\" \/>\n\t<meta name=\"twitter:label2\" content=\"Tiempo de lectura\" \/>\n\t<meta name=\"twitter:data2\" content=\"7 minutos\" \/>\n<script type=\"application\/ld+json\" class=\"yoast-schema-graph\">{\"@context\":\"https:\/\/schema.org\",\"@graph\":[{\"@type\":\"Article\",\"@id\":\"https:\/\/rentalpanda.es\/fahrradverleih-mallorca\/#article\",\"isPartOf\":{\"@id\":\"https:\/\/rentalpanda.es\/fahrradverleih-mallorca\/\"},\"author\":{\"name\":\"rentalpanda\",\"@id\":\"https:\/\/rentalpanda.es\/en\/#\/schema\/person\/da549bbd7f004e5c08bf3d1df1421606\"},\"headline\":\"Fahrradverleih auf Mallorca: Mit dem Fahrrad die Insel entdecken\",\"datePublished\":\"2023-03-08T07:00:49+00:00\",\"dateModified\":\"2025-11-24T05:36:05+00:00\",\"mainEntityOfPage\":{\"@id\":\"https:\/\/rentalpanda.es\/fahrradverleih-mallorca\/\"},\"wordCount\":1454,\"commentCount\":0,\"publisher\":{\"@id\":\"https:\/\/rentalpanda.es\/en\/#organization\"},\"image\":{\"@id\":\"https:\/\/rentalpanda.es\/fahrradverleih-mallorca\/#primaryimage\"},\"thumbnailUrl\":\"https:\/\/rentalpanda.es\/wp-content\/uploads\/2023\/03\/majorca-bike-hire-kids.jpg\",\"keywords\":[\"Fahrradverleih in Alcudia\",\"Fahrradverleih in Cala Millor\",\"fahrradverleih mallorca\",\"fahrradverleih mallorca preise\",\"kinderfahrrad mieten mallorca\",\"Preise f\u00fcr Fahrradverleih auf Mallorca\"],\"articleSection\":[\"Holiday Equipment Hire\",\"Urlaubsartikel mieten\"],\"inLanguage\":\"es\",\"potentialAction\":[{\"@type\":\"CommentAction\",\"name\":\"Comment\",\"target\":[\"https:\/\/rentalpanda.es\/fahrradverleih-mallorca\/#respond\"]}]},{\"@type\":[\"WebPage\",\"FAQPage\"],\"@id\":\"https:\/\/rentalpanda.es\/fahrradverleih-mallorca\/\",\"url\":\"https:\/\/rentalpanda.es\/fahrradverleih-mallorca\/\",\"name\":\"Mallorca Fahrradverleih f\u00fcr Kinder: Entdecke die Insel | RentalPanda\",\"isPartOf\":{\"@id\":\"https:\/\/rentalpanda.es\/en\/#website\"},\"primaryImageOfPage\":{\"@id\":\"https:\/\/rentalpanda.es\/fahrradverleih-mallorca\/#primaryimage\"},\"image\":{\"@id\":\"https:\/\/rentalpanda.es\/fahrradverleih-mallorca\/#primaryimage\"},\"thumbnailUrl\":\"https:\/\/rentalpanda.es\/wp-content\/uploads\/2023\/03\/majorca-bike-hire-kids.jpg\",\"datePublished\":\"2023-03-08T07:00:49+00:00\",\"dateModified\":\"2025-11-24T05:36:05+00:00\",\"description\":\"Fahrradverleih auf Mallorca: Familienspa\u00df pur! Erlebe Abenteuer, Geschichte und beeindruckende Natur mit dem Fahrrad!\",\"breadcrumb\":{\"@id\":\"https:\/\/rentalpanda.es\/fahrradverleih-mallorca\/#breadcrumb\"},\"mainEntity\":[{\"@id\":\"https:\/\/rentalpanda.es\/fahrradverleih-mallorca\/#faq-question-1678257786422\"},{\"@id\":\"https:\/\/rentalpanda.es\/fahrradverleih-mallorca\/#faq-question-1678257928765\"},{\"@id\":\"https:\/\/rentalpanda.es\/fahrradverleih-mallorca\/#faq-question-1678257951554\"},{\"@id\":\"https:\/\/rentalpanda.es\/fahrradverleih-mallorca\/#faq-question-1678258028195\"},{\"@id\":\"https:\/\/rentalpanda.es\/fahrradverleih-mallorca\/#faq-question-1678258062199\"}],\"inLanguage\":\"es\",\"potentialAction\":[{\"@type\":\"ReadAction\",\"target\":[\"https:\/\/rentalpanda.es\/fahrradverleih-mallorca\/\"]}]},{\"@type\":\"ImageObject\",\"inLanguage\":\"es\",\"@id\":\"https:\/\/rentalpanda.es\/fahrradverleih-mallorca\/#primaryimage\",\"url\":\"https:\/\/rentalpanda.es\/wp-content\/uploads\/2023\/03\/majorca-bike-hire-kids.jpg\",\"contentUrl\":\"https:\/\/rentalpanda.es\/wp-content\/uploads\/2023\/03\/majorca-bike-hire-kids.jpg\",\"width\":1000,\"height\":665,\"caption\":\"majorca-bike-hire-kids\"},{\"@type\":\"BreadcrumbList\",\"@id\":\"https:\/\/rentalpanda.es\/fahrradverleih-mallorca\/#breadcrumb\",\"itemListElement\":[{\"@type\":\"ListItem\",\"position\":1,\"name\":\"Startseite\",\"item\":\"https:\/\/rentalpanda.es\/\"},{\"@type\":\"ListItem\",\"position\":2,\"name\":\"Fahrradverleih auf Mallorca: Mit dem Fahrrad die Insel entdecken\"}]},{\"@type\":\"WebSite\",\"@id\":\"https:\/\/rentalpanda.es\/en\/#website\",\"url\":\"https:\/\/rentalpanda.es\/en\/\",\"name\":\"RentalPanda.es\",\"description\":\"Baby, Beach &amp; Holiday Gear for Rent\",\"publisher\":{\"@id\":\"https:\/\/rentalpanda.es\/en\/#organization\"},\"potentialAction\":[{\"@type\":\"SearchAction\",\"target\":{\"@type\":\"EntryPoint\",\"urlTemplate\":\"https:\/\/rentalpanda.es\/en\/?s={search_term_string}\"},\"query-input\":{\"@type\":\"PropertyValueSpecification\",\"valueRequired\":true,\"valueName\":\"search_term_string\"}}],\"inLanguage\":\"es\"},{\"@type\":\"Organization\",\"@id\":\"https:\/\/rentalpanda.es\/en\/#organization\",\"name\":\"Rentalpanda.es\",\"url\":\"https:\/\/rentalpanda.es\/en\/\",\"logo\":{\"@type\":\"ImageObject\",\"inLanguage\":\"es\",\"@id\":\"https:\/\/rentalpanda.es\/en\/#\/schema\/logo\/image\/\",\"url\":\"https:\/\/rentalpanda.es\/wp-content\/uploads\/2017\/02\/rentalpanda-logo-webseite-end.png\",\"contentUrl\":\"https:\/\/rentalpanda.es\/wp-content\/uploads\/2017\/02\/rentalpanda-logo-webseite-end.png\",\"width\":260,\"height\":71,\"caption\":\"Rentalpanda.es\"},\"image\":{\"@id\":\"https:\/\/rentalpanda.es\/en\/#\/schema\/logo\/image\/\"},\"sameAs\":[\"https:\/\/www.facebook.com\/rentalpandamallorca\"]},{\"@type\":\"Person\",\"@id\":\"https:\/\/rentalpanda.es\/en\/#\/schema\/person\/da549bbd7f004e5c08bf3d1df1421606\",\"name\":\"rentalpanda\",\"image\":{\"@type\":\"ImageObject\",\"inLanguage\":\"es\",\"@id\":\"https:\/\/rentalpanda.es\/en\/#\/schema\/person\/image\/\",\"url\":\"https:\/\/rentalpanda.es\/wp-content\/litespeed\/avatar\/4a21927017bb45e230ffe8bbf21ba94d.jpg?ver=1776912473\",\"contentUrl\":\"https:\/\/rentalpanda.es\/wp-content\/litespeed\/avatar\/4a21927017bb45e230ffe8bbf21ba94d.jpg?ver=1776912473\",\"caption\":\"rentalpanda\"}},{\"@type\":\"Question\",\"@id\":\"https:\/\/rentalpanda.es\/fahrradverleih-mallorca\/#faq-question-1678257786422\",\"position\":1,\"url\":\"https:\/\/rentalpanda.es\/fahrradverleih-mallorca\/#faq-question-1678257786422\",\"name\":\"H\u00e4ufig gestellte Fragen\",\"answerCount\":1,\"acceptedAnswer\":{\"@type\":\"Answer\",\"text\":\"Hast du Fragen zum Fahrrad leihen auf Mallorca? Hier findest du vielleicht die Antwort:\",\"inLanguage\":\"es\"},\"inLanguage\":\"es\"},{\"@type\":\"Question\",\"@id\":\"https:\/\/rentalpanda.es\/fahrradverleih-mallorca\/#faq-question-1678257928765\",\"position\":2,\"url\":\"https:\/\/rentalpanda.es\/fahrradverleih-mallorca\/#faq-question-1678257928765\",\"name\":\"Fahrradverleih Mallorca Preise: Wie viel kostet es, ein Fahrrad auf Mallorca zu mieten?\",\"answerCount\":1,\"acceptedAnswer\":{\"@type\":\"Answer\",\"text\":\"Die Preise f\u00fcr den Fahrradverleih auf Mallorca variieren je nach Art des Fahrrads und der Mietdauer. Du kannst mit etwa 5\u201315 \u20ac pro Tag f\u00fcr ein Fahrrad rechnen, je nach Modell, w\u00e4hrend Rabatte f\u00fcr l\u00e4ngere Mietzeiten angeboten werden.\",\"inLanguage\":\"es\"},\"inLanguage\":\"es\"},{\"@type\":\"Question\",\"@id\":\"https:\/\/rentalpanda.es\/fahrradverleih-mallorca\/#faq-question-1678257951554\",\"position\":3,\"url\":\"https:\/\/rentalpanda.es\/fahrradverleih-mallorca\/#faq-question-1678257951554\",\"name\":\"Muss ich ein sehr erfahrener Radfahrer sein, um ein Fahrrad auf Mallorca zu mieten?\",\"answerCount\":1,\"acceptedAnswer\":{\"@type\":\"Answer\",\"text\":\"Nein, Mallorca bietet Radwege f\u00fcr alle Schwierigkeitsstufen. Es gibt flache K\u00fcstenwege f\u00fcr gem\u00fctliche Fahrten und anspruchsvolle Bergstrecken f\u00fcr erfahrene Radfahrer. Es ist wichtig, das richtige Fahrrad und die passende Strecke f\u00fcr dein K\u00f6nnen zu w\u00e4hlen, um sicher und mit Spa\u00df zu fahren.\",\"inLanguage\":\"es\"},\"inLanguage\":\"es\"},{\"@type\":\"Question\",\"@id\":\"https:\/\/rentalpanda.es\/fahrradverleih-mallorca\/#faq-question-1678258028195\",\"position\":4,\"url\":\"https:\/\/rentalpanda.es\/fahrradverleih-mallorca\/#faq-question-1678258028195\",\"name\":\"Kann ich mein eigenes Fahrrad nach Mallorca mitbringen?\",\"answerCount\":1,\"acceptedAnswer\":{\"@type\":\"Answer\",\"text\":\"Ja, viele Fluggesellschaften erlauben es, dein eigenes Fahrrad gegen eine Geb\u00fchr mitzubringen. Allerdings ist es oft kosteng\u00fcnstiger und bequemer, ein Fahrrad auf der Insel zu mieten.\",\"inLanguage\":\"es\"},\"inLanguage\":\"es\"},{\"@type\":\"Question\",\"@id\":\"https:\/\/rentalpanda.es\/fahrradverleih-mallorca\/#faq-question-1678258062199\",\"position\":5,\"url\":\"https:\/\/rentalpanda.es\/fahrradverleih-mallorca\/#faq-question-1678258062199\",\"name\":\"Welche Sicherheitsma\u00dfnahmen sollte ich beim Radfahren auf Mallorca beachten?\",\"answerCount\":1,\"acceptedAnswer\":{\"@type\":\"Answer\",\"text\":\"Es ist wichtig, dass du und deine Kinder einen Helm tragen, bei schlechten Lichtverh\u00e4ltnissen Lichter und Reflektoren benutzen und die Verkehrsregeln beachten. Nimm immer Wasser, Sonnencreme und ein Handy f\u00fcr Notf\u00e4lle mit. Es kann auch sinnvoll sein, eine gef\u00fchrte Tour zu buchen oder einen lokalen Guide zu engagieren.\",\"inLanguage\":\"es\"},\"inLanguage\":\"es\"}]}<\/script>\n<!-- \/ Yoast SEO plugin. -->","yoast_head_json":{"title":"Alquiler de Bicicletas para Ni\u00f1os en Mallorca: La Mejor Manera de Explorar | RentalPanda","description":"Explora Mallorca en Bicicleta: una forma divertida y familiar de descubrir su historia y sus paisajes naturales \u00fanicos.","robots":{"index":"index","follow":"follow","max-snippet":"max-snippet:-1","max-image-preview":"max-image-preview:large","max-video-preview":"max-video-preview:-1"},"canonical":"https:\/\/rentalpanda.es\/es\/alquiler-bicicletas-mallorca\/","og_locale":"es_ES","og_type":"article","og_title":"Mallorca Fahrradverleih f\u00fcr Kinder: Entdecke die Insel | RentalPanda","og_description":"Fahrradverleih auf Mallorca: Familienspa\u00df pur! Erlebe Abenteuer, Geschichte und beeindruckende Natur mit dem Fahrrad!","og_url":"https:\/\/rentalpanda.es\/es\/alquiler-bicicletas-mallorca\/","og_site_name":"RentalPanda.es","article_publisher":"https:\/\/www.facebook.com\/rentalpandamallorca","article_published_time":"2023-03-08T07:00:49+00:00","article_modified_time":"2025-11-24T05:36:05+00:00","og_image":[{"width":1000,"height":665,"url":"https:\/\/rentalpanda.es\/wp-content\/uploads\/2023\/03\/majorca-bike-hire-kids.jpg","type":"image\/jpeg"}],"author":"rentalpanda","twitter_card":"summary_large_image","twitter_misc":{"Escrito por":"rentalpanda","Tiempo de lectura":"7 minutos"},"schema":{"@context":"https:\/\/schema.org","@graph":[{"@type":"Article","@id":"https:\/\/rentalpanda.es\/fahrradverleih-mallorca\/#article","isPartOf":{"@id":"https:\/\/rentalpanda.es\/fahrradverleih-mallorca\/"},"author":{"name":"rentalpanda","@id":"https:\/\/rentalpanda.es\/en\/#\/schema\/person\/da549bbd7f004e5c08bf3d1df1421606"},"headline":"Fahrradverleih auf Mallorca: Mit dem Fahrrad die Insel entdecken","datePublished":"2023-03-08T07:00:49+00:00","dateModified":"2025-11-24T05:36:05+00:00","mainEntityOfPage":{"@id":"https:\/\/rentalpanda.es\/fahrradverleih-mallorca\/"},"wordCount":1454,"commentCount":0,"publisher":{"@id":"https:\/\/rentalpanda.es\/en\/#organization"},"image":{"@id":"https:\/\/rentalpanda.es\/fahrradverleih-mallorca\/#primaryimage"},"thumbnailUrl":"https:\/\/rentalpanda.es\/wp-content\/uploads\/2023\/03\/majorca-bike-hire-kids.jpg","keywords":["Fahrradverleih in Alcudia","Fahrradverleih in Cala Millor","fahrradverleih mallorca","fahrradverleih mallorca preise","kinderfahrrad mieten mallorca","Preise f\u00fcr Fahrradverleih auf Mallorca"],"articleSection":["Holiday Equipment Hire","Urlaubsartikel mieten"],"inLanguage":"es","potentialAction":[{"@type":"CommentAction","name":"Comment","target":["https:\/\/rentalpanda.es\/fahrradverleih-mallorca\/#respond"]}]},{"@type":["WebPage","FAQPage"],"@id":"https:\/\/rentalpanda.es\/fahrradverleih-mallorca\/","url":"https:\/\/rentalpanda.es\/fahrradverleih-mallorca\/","name":"Alquiler de Bicicletas para Ni\u00f1os en Mallorca: La Mejor Manera de Explorar | RentalPanda","isPartOf":{"@id":"https:\/\/rentalpanda.es\/en\/#website"},"primaryImageOfPage":{"@id":"https:\/\/rentalpanda.es\/fahrradverleih-mallorca\/#primaryimage"},"image":{"@id":"https:\/\/rentalpanda.es\/fahrradverleih-mallorca\/#primaryimage"},"thumbnailUrl":"https:\/\/rentalpanda.es\/wp-content\/uploads\/2023\/03\/majorca-bike-hire-kids.jpg","datePublished":"2023-03-08T07:00:49+00:00","dateModified":"2025-11-24T05:36:05+00:00","description":"Explora Mallorca en Bicicleta: una forma divertida y familiar de descubrir su historia y sus paisajes naturales \u00fanicos.","breadcrumb":{"@id":"https:\/\/rentalpanda.es\/fahrradverleih-mallorca\/#breadcrumb"},"mainEntity":[{"@id":"https:\/\/rentalpanda.es\/fahrradverleih-mallorca\/#faq-question-1678257786422"},{"@id":"https:\/\/rentalpanda.es\/fahrradverleih-mallorca\/#faq-question-1678257928765"},{"@id":"https:\/\/rentalpanda.es\/fahrradverleih-mallorca\/#faq-question-1678257951554"},{"@id":"https:\/\/rentalpanda.es\/fahrradverleih-mallorca\/#faq-question-1678258028195"},{"@id":"https:\/\/rentalpanda.es\/fahrradverleih-mallorca\/#faq-question-1678258062199"}],"inLanguage":"es","potentialAction":[{"@type":"ReadAction","target":["https:\/\/rentalpanda.es\/fahrradverleih-mallorca\/"]}]},{"@type":"ImageObject","inLanguage":"es","@id":"https:\/\/rentalpanda.es\/fahrradverleih-mallorca\/#primaryimage","url":"https:\/\/rentalpanda.es\/wp-content\/uploads\/2023\/03\/majorca-bike-hire-kids.jpg","contentUrl":"https:\/\/rentalpanda.es\/wp-content\/uploads\/2023\/03\/majorca-bike-hire-kids.jpg","width":1000,"height":665,"caption":"majorca-bike-hire-kids"},{"@type":"BreadcrumbList","@id":"https:\/\/rentalpanda.es\/fahrradverleih-mallorca\/#breadcrumb","itemListElement":[{"@type":"ListItem","position":1,"name":"Startseite","item":"https:\/\/rentalpanda.es\/"},{"@type":"ListItem","position":2,"name":"Fahrradverleih auf Mallorca: Mit dem Fahrrad die Insel entdecken"}]},{"@type":"WebSite","@id":"https:\/\/rentalpanda.es\/en\/#website","url":"https:\/\/rentalpanda.es\/en\/","name":"RentalPanda.es","description":"Baby, Beach &amp; Holiday Gear for Rent","publisher":{"@id":"https:\/\/rentalpanda.es\/en\/#organization"},"potentialAction":[{"@type":"SearchAction","target":{"@type":"EntryPoint","urlTemplate":"https:\/\/rentalpanda.es\/en\/?s={search_term_string}"},"query-input":{"@type":"PropertyValueSpecification","valueRequired":true,"valueName":"search_term_string"}}],"inLanguage":"es"},{"@type":"Organization","@id":"https:\/\/rentalpanda.es\/en\/#organization","name":"Rentalpanda.es","url":"https:\/\/rentalpanda.es\/en\/","logo":{"@type":"ImageObject","inLanguage":"es","@id":"https:\/\/rentalpanda.es\/en\/#\/schema\/logo\/image\/","url":"https:\/\/rentalpanda.es\/wp-content\/uploads\/2017\/02\/rentalpanda-logo-webseite-end.png","contentUrl":"https:\/\/rentalpanda.es\/wp-content\/uploads\/2017\/02\/rentalpanda-logo-webseite-end.png","width":260,"height":71,"caption":"Rentalpanda.es"},"image":{"@id":"https:\/\/rentalpanda.es\/en\/#\/schema\/logo\/image\/"},"sameAs":["https:\/\/www.facebook.com\/rentalpandamallorca"]},{"@type":"Person","@id":"https:\/\/rentalpanda.es\/en\/#\/schema\/person\/da549bbd7f004e5c08bf3d1df1421606","name":"rentalpanda","image":{"@type":"ImageObject","inLanguage":"es","@id":"https:\/\/rentalpanda.es\/en\/#\/schema\/person\/image\/","url":"https:\/\/rentalpanda.es\/wp-content\/litespeed\/avatar\/4a21927017bb45e230ffe8bbf21ba94d.jpg?ver=1776912473","contentUrl":"https:\/\/rentalpanda.es\/wp-content\/litespeed\/avatar\/4a21927017bb45e230ffe8bbf21ba94d.jpg?ver=1776912473","caption":"rentalpanda"}},{"@type":"Question","@id":"https:\/\/rentalpanda.es\/fahrradverleih-mallorca\/#faq-question-1678257786422","position":1,"url":"https:\/\/rentalpanda.es\/fahrradverleih-mallorca\/#faq-question-1678257786422","name":"Preguntas Frecuentes","answerCount":1,"acceptedAnswer":{"@type":"Answer","text":"Hast du Fragen zum Fahrrad leihen auf Mallorca? Hier findest du vielleicht die Antwort:","inLanguage":"es"},"inLanguage":"es"},{"@type":"Question","@id":"https:\/\/rentalpanda.es\/fahrradverleih-mallorca\/#faq-question-1678257928765","position":2,"url":"https:\/\/rentalpanda.es\/fahrradverleih-mallorca\/#faq-question-1678257928765","name":"\u00bfCu\u00e1nto cuesta alquilar una bicicleta en Mallorca?","answerCount":1,"acceptedAnswer":{"@type":"Answer","text":"Die Preise f\u00fcr den Fahrradverleih auf Mallorca variieren je nach Art des Fahrrads und der Mietdauer. Du kannst mit etwa 5\u201315 \u20ac pro Tag f\u00fcr ein Fahrrad rechnen, je nach Modell, w\u00e4hrend Rabatte f\u00fcr l\u00e4ngere Mietzeiten angeboten werden.","inLanguage":"es"},"inLanguage":"es"},{"@type":"Question","@id":"https:\/\/rentalpanda.es\/fahrradverleih-mallorca\/#faq-question-1678257951554","position":3,"url":"https:\/\/rentalpanda.es\/fahrradverleih-mallorca\/#faq-question-1678257951554","name":"\u00bfNecesito experiencia para alquilar una bicicleta infantil en Mallorca?","answerCount":1,"acceptedAnswer":{"@type":"Answer","text":"Nein, Mallorca bietet Radwege f\u00fcr alle Schwierigkeitsstufen. Es gibt flache K\u00fcstenwege f\u00fcr gem\u00fctliche Fahrten und anspruchsvolle Bergstrecken f\u00fcr erfahrene Radfahrer. Es ist wichtig, das richtige Fahrrad und die passende Strecke f\u00fcr dein K\u00f6nnen zu w\u00e4hlen, um sicher und mit Spa\u00df zu fahren.","inLanguage":"es"},"inLanguage":"es"},{"@type":"Question","@id":"https:\/\/rentalpanda.es\/fahrradverleih-mallorca\/#faq-question-1678258028195","position":4,"url":"https:\/\/rentalpanda.es\/fahrradverleih-mallorca\/#faq-question-1678258028195","name":"\u00bfPuedo llevar mi propia bicicleta a Mallorca?","answerCount":1,"acceptedAnswer":{"@type":"Answer","text":"Ja, viele Fluggesellschaften erlauben es, dein eigenes Fahrrad gegen eine Geb\u00fchr mitzubringen. Allerdings ist es oft kosteng\u00fcnstiger und bequemer, ein Fahrrad auf der Insel zu mieten.","inLanguage":"es"},"inLanguage":"es"},{"@type":"Question","@id":"https:\/\/rentalpanda.es\/fahrradverleih-mallorca\/#faq-question-1678258062199","position":5,"url":"https:\/\/rentalpanda.es\/fahrradverleih-mallorca\/#faq-question-1678258062199","name":"\u00bfQu\u00e9 medidas de seguridad debo tener en cuenta al ir en bici por Mallorca?","answerCount":1,"acceptedAnswer":{"@type":"Answer","text":"Es ist wichtig, dass du und deine Kinder einen Helm tragen, bei schlechten Lichtverh\u00e4ltnissen Lichter und Reflektoren benutzen und die Verkehrsregeln beachten. Nimm immer Wasser, Sonnencreme und ein Handy f\u00fcr Notf\u00e4lle mit. Es kann auch sinnvoll sein, eine gef\u00fchrte Tour zu buchen oder einen lokalen Guide zu engagieren.","inLanguage":"es"},"inLanguage":"es"}]}},"_links":{"self":[{"href":"https:\/\/rentalpanda.es\/es\/wp-json\/wp\/v2\/posts\/12294","targetHints":{"allow":["GET"]}}],"collection":[{"href":"https:\/\/rentalpanda.es\/es\/wp-json\/wp\/v2\/posts"}],"about":[{"href":"https:\/\/rentalpanda.es\/es\/wp-json\/wp\/v2\/types\/post"}],"author":[{"embeddable":true,"href":"https:\/\/rentalpanda.es\/es\/wp-json\/wp\/v2\/users\/1"}],"replies":[{"embeddable":true,"href":"https:\/\/rentalpanda.es\/es\/wp-json\/wp\/v2\/comments?post=12294"}],"version-history":[{"count":23,"href":"https:\/\/rentalpanda.es\/es\/wp-json\/wp\/v2\/posts\/12294\/revisions"}],"predecessor-version":[{"id":22595,"href":"https:\/\/rentalpanda.es\/es\/wp-json\/wp\/v2\/posts\/12294\/revisions\/22595"}],"wp:featuredmedia":[{"embeddable":true,"href":"https:\/\/rentalpanda.es\/es\/wp-json\/wp\/v2\/media\/12309"}],"wp:attachment":[{"href":"https:\/\/rentalpanda.es\/es\/wp-json\/wp\/v2\/media?parent=12294"}],"wp:term":[{"taxonomy":"category","embeddable":true,"href":"https:\/\/rentalpanda.es\/es\/wp-json\/wp\/v2\/categories?post=12294"},{"taxonomy":"post_tag","embeddable":true,"href":"https:\/\/rentalpanda.es\/es\/wp-json\/wp\/v2\/tags?post=12294"}],"curies":[{"name":"wp","href":"https:\/\/api.w.org\/{rel}","templated":true}]}}