{"id":22498,"date":"2025-11-10T02:53:00","date_gmt":"2025-11-10T02:53:00","guid":{"rendered":"https:\/\/rentalpanda.es\/?p=22498"},"modified":"2026-03-02T06:24:08","modified_gmt":"2026-03-02T06:24:08","slug":"baby-car-seat-hire-mallorca","status":"publish","type":"post","link":"https:\/\/rentalpanda.es\/en\/kindersitz-mallorca-mieten\/","title":{"rendered":"Bring It vs. Rent It: Baby Car Seat for Your Mallorca Holiday \u2014 Cost Breakdown &amp; Eco Impact Check"},"content":{"rendered":"<p><\/p>\n\n\n\n<p>You're buzzing about the sun, sea, and tapas on your Mallorca holiday \u2013 but right now, you're wondering if you really need to haul <strong>Baby Car Seats<\/strong> through the airport and cram them into your luggage? Thousands of families face this dilemma every year before jetting off to Mallorca.<\/p>\n\n\n\n<p>The truth is, lugging them along can be a total nightmare, rack up extra baggage fees, and isn't always the greenest choice for your family holiday. Yet, no one wants to skimp on safety or comfort when travelling with little ones.<\/p>\n\n\n\n<p>In this guide, we break down <strong>bringing your own baby seat to Mallorca vs. renting one on arrival<\/strong> \u2013 backed by real costs, baggage tips, CO\u2082 footprint comparisons, and a no-nonsense verdict to make your UK-to-Mallorca family getaway smoother and more sustainable.<\/p>\n\n\n<div class=\"wp-block-image is-style-rounded\">\n<figure class=\"aligncenter size-full\"><img decoding=\"async\" width=\"500\" height=\"334\" src=\"https:\/\/rentalpanda.es\/wp-content\/uploads\/2025\/11\/kindersitz-auto-mallorca.jpg\" alt=\"kindersitz-auto-mallorca\" class=\"wp-image-22520\" srcset=\"https:\/\/rentalpanda.es\/wp-content\/uploads\/2025\/11\/kindersitz-auto-mallorca.jpg 500w, https:\/\/rentalpanda.es\/wp-content\/uploads\/2025\/11\/kindersitz-auto-mallorca-400x267.jpg 400w\" sizes=\"(max-width: 500px) 100vw, 500px\" \/><\/figure>\n<\/div>\n\n\n<hr class=\"wp-block-separator has-alpha-channel-opacity\"\/>\n\n\n\n<h2 class=\"wp-block-heading\">\ud83d\udc76 Bring Your Own Baby Seat or Rent One \u2013 What's Best for Your Mallorca Family Holiday?<\/h2>\n\n\n\n<h3 class=\"wp-block-heading\">Taking Your Baby Car Seat on the Plane: Airline Rules You Need to Know<\/h3>\n\n\n\n<p>Pretty much all airlines let you take <strong>one car seat per toddler on board<\/strong>. But there are some key differences to watch out for on your UK-to-Mallorca flight:<\/p>\n\n\n\n<ul class=\"wp-block-list\">\n<li>With Ryanair and easyJet, you can carry the car seat right up to the aircraft door, but you'll have to hand it over there \u2013 no lugging it through the cabin.<\/li>\n\n\n\n<li>On Lufthansa or Eurowings, it counts as a separate piece of checked baggage, which often means you can check it for free without extra fees.<\/li>\n\n\n\n<li>Once you land at Palma Airport, you'll usually only get it back at the baggage carousel \u2013 not great after a long-haul flight with a knackered little one in tow.<\/li>\n<\/ul>\n\n\n\n<p><strong>Tip:<\/strong><br>If you're set on bringing your own car seat for the Mallorca holiday, pop it in a sturdy travel bag and label it clearly. Sadly, scuffs and dents are par for the course when it comes to checked gear.<\/p>\n\n\n\n<blockquote class=\"wp-block-quote is-layout-flow wp-block-quote-is-layout-flow\">\n<p><strong>Fancy ditching the airport hassle altogether?<\/strong><br>\ud83d\udc49 <a href=\"https:\/\/rentalpanda.es\/en\/where-to-hire-child-car-seats\/\">Rent a child car seat for your Mallorca rental car<\/a> \u2013 delivered straight to Palma Airport, your hotel, or your holiday apartment for a stress-free family getaway.<\/p>\n<\/blockquote>\n\n\n\n<hr class=\"wp-block-separator has-alpha-channel-opacity\"\/>\n\n\n\n<h3 class=\"wp-block-heading\">Renting a Pushchair on Mallorca: Practical and Hassle-Free for Your Family Holiday<\/h3>\n\n\n\n<p>Alongside child car seats for your Mallorca rental car (\ud83d\udc49 <strong><a href=\"https:\/\/rentalpanda.es\/en\/car-hire-mallorca-child-seat\/\">Car Hire Mallorca: Is a Child Seat Mandatory?<\/a><\/strong>) pushchairs are often the smarter choice too:<br>Travel light, dodge baggage damage, and pick up a clean, inspected model right on the spot for your sun-soaked family getaway.<\/p>\n\n\n\n<p><strong>Average Pushchair Rental Prices:<\/strong><\/p>\n\n\n\n<figure class=\"wp-block-table\"><table class=\"has-fixed-layout\"><thead><tr><th>Rental Duration<\/th><th>Cost (approx.)<\/th><th>Example Model<\/th><\/tr><\/thead><tbody><tr><td>3 Days<\/td><td>20 \u2013 25 \u20ac<\/td><td>Lightweight Buggy<\/td><\/tr><tr><td>7 Days<\/td><td>35 \u2013 45 \u20ac<\/td><td>All-Terrain Stroller<\/td><\/tr><tr><td>14 Days<\/td><td>60 \u2013 70 \u20ac<\/td><td>Comfort Model with Recline<\/td><\/tr><\/tbody><\/table><\/figure>\n\n\n\n<p>Advantages:<\/p>\n\n\n\n<ul class=\"wp-block-list\">\n<li>Delivered straight to <strong>Palma Airport<\/strong>, your hotel, or holiday apartment \u2013 no waiting around.<\/li>\n\n\n\n<li>Frees up space in your rental car for beach gear and souvenirs.<\/li>\n\n\n\n<li>Hygienically cleaned models (often from top brands like Chicco, Joie, or Bugaboo) to keep your little ones comfy and safe.<\/li>\n<\/ul>\n\n\n\n<blockquote class=\"wp-block-quote is-layout-flow wp-block-quote-is-layout-flow\">\n<p><strong>RentalPanda Tip:<\/strong><br>Our \ud83d\udc49 <a href=\"https:\/\/rentalpanda.es\/en\/product-category\/products-to-rent\/baby-child\/pushchairs\/\">Pushchair Rental Packages<\/a> start from just \u20ac5\/day \u2013 including delivery and pickup, so you can focus on the Mallorca magic without the stress.<\/p>\n<\/blockquote>\n\n\n<div class=\"wp-block-image is-style-rounded\">\n<figure class=\"aligncenter size-full\"><img decoding=\"async\" width=\"500\" height=\"334\" src=\"https:\/\/rentalpanda.es\/wp-content\/uploads\/2025\/11\/autositz-kinder-mallorca.jpg\" alt=\"autositz-kinder-mallorca\" class=\"wp-image-22521\" srcset=\"https:\/\/rentalpanda.es\/wp-content\/uploads\/2025\/11\/autositz-kinder-mallorca.jpg 500w, https:\/\/rentalpanda.es\/wp-content\/uploads\/2025\/11\/autositz-kinder-mallorca-400x267.jpg 400w\" sizes=\"(max-width: 500px) 100vw, 500px\" \/><\/figure>\n<\/div>\n\n\n<hr class=\"wp-block-separator has-alpha-channel-opacity\"\/>\n\n\n\n<h2 class=\"wp-block-heading\">\ud83d\ude97 Travel Planning for Baby Car Seats: Bring Your Own or Rent on Mallorca?<\/h2>\n\n\n\n<h3 class=\"wp-block-heading\">Taking Your Baby Car Seat on the Plane \u2013 What's Allowed?<\/h3>\n\n\n\n<p>Most airlines only let you bring child car seats on board if they're certified to ECE R44\/04 or i-Size (R129)<strong> <\/strong>standards. And in your Mallorca rental car, Spain follows the same safety rules as back home in the UK.<\/p>\n\n\n\n<p>But here's the catch: Hauling your own seat is bulky and prone to getting bashed up in transit.<br>Plus, your rental car (\ud83d\udc49 <strong><a href=\"https:\/\/rentalpanda.es\/en\/car-hire-mallorca-airport-2\/\">Mallorca Car Hire Info for the Mallorca Airport<\/a><\/strong>) might not even have the right Isofix system to fit it properly.<\/p>\n\n\n\n<p><\/p>\n\n\n\n<hr class=\"wp-block-separator has-alpha-channel-opacity\"\/>\n\n\n\n<h3 class=\"wp-block-heading\">Renting a Baby Seat in Mallorca: Prices &amp; Quality<\/h3>\n\n\n\n<p>Most providers on the island offer checked seats for every age group. <strong>RentalPanda.es<\/strong> stocks traditional models alongside the latest ECE R129 (i-Size)-approved ones \u2013 every seat gets a thorough steam-clean and maintenance check, with fresh stock added regularly to keep things top-notch for your family holiday.<\/p>\n\n\n\n<p><strong>Example Prices for Renting Car Seats on Mallorca:<\/strong><\/p>\n\n\n\n<figure class=\"wp-block-table\"><table class=\"has-fixed-layout\"><thead><tr><th>Age Group<\/th><th>Price\/Day<\/th><th>Weekly Price<\/th><\/tr><\/thead><tbody><tr><td>Baby Carrier (0\u201313 kg)<\/td><td>4 \u20ac<\/td><td>28 \u20ac<\/td><\/tr><tr><td>Child Seat (9\u201318 kg)<\/td><td>5 \u20ac<\/td><td>35 \u20ac<\/td><\/tr><tr><td>Booster Seat (15\u201336 kg)<\/td><td>3 \u20ac<\/td><td>21 \u20ac<\/td><\/tr><\/tbody><\/table><\/figure>\n\n\n\n<blockquote class=\"wp-block-quote is-layout-flow wp-block-quote-is-layout-flow\">\n<p><strong>Make Travelling with Kids a Breeze:<\/strong><br><a href=\"https:\/\/rentalpanda.es\/en\/mallorca-with-kids\/\"><\/a>\ud83d\udc49 <a href=\"https:\/\/rentalpanda.es\/en\/mallorca-with-kids\/\">Mallorca with Kids: The Best Activities and Attractions for Families<\/a><\/p>\n<\/blockquote>\n\n\n\n<hr class=\"wp-block-separator has-alpha-channel-opacity\"\/>\n\n\n\n<h2 class=\"wp-block-heading\">\ud83d\udcb6 Mallorca Cost Breakdown: Bring Your Own vs. Car Seat Hire<\/h2>\n\n\n\n<figure class=\"wp-block-table\"><table class=\"has-fixed-layout\"><thead><tr><th>Cost Factor<\/th><th>Bringing It<\/th><th>Renting On-Site<\/th><\/tr><\/thead><tbody><tr><td>Flight Baggage\/Handling<\/td><td>\u20ac20\u2013\u20ac30 (depending on airline)<\/td><td>0 \u20ac<\/td><\/tr><tr><td>Risk of Transit Damage<\/td><td>High<\/td><td>None<\/td><\/tr><tr><td>Cleaning\/Storage<\/td><td>Your own hassle<\/td><td>Included<\/td><\/tr><tr><td>On-Site Flexibility<\/td><td>Limited<\/td><td>High<\/td><\/tr><tr><td>Total for 7 Days<\/td><td>\u20ac40\u2013\u20ac60 (incl. effort)<\/td><td>35\u201345 \u20ac<\/td><\/tr><\/tbody><\/table><\/figure>\n\n\n\n<p><strong>Conclusion:<\/strong><br>Renting wins hands-down on price, plus it slashes the stress and eliminates any transport damage worries: <strong>The clear choice for your Mallorca family holiday<\/strong>.<\/p>\n\n\n\n<hr class=\"wp-block-separator has-alpha-channel-opacity\"\/>\n\n\n\n<h2 class=\"wp-block-heading\">\ud83c\udf31 Eco Check: Which Option is More Sustainable?<\/h2>\n\n\n\n<h3 class=\"wp-block-heading\">CO\u2082 Footprint of Bringing Your Own<\/h3>\n\n\n\n<p>Der Transport deines Kindersitzes verursacht zus\u00e4tzliches Gewicht im Flugzeug ca. 15\u201320 kg CO\u2082 pro Strecke (&gt;&gt; <a href=\"https:\/\/www.umweltbundesamt.de\/umwelttipps-fuer-den-alltag\/mobilitaet\/flugreisen\">check out the full lowdown on flight CO\u2082 footprints<\/a>).<br>On top of that, packaging, cleaning, and travel bags pile on even more emissions.<\/p>\n\n\n\n<p><\/p>\n\n\n\n<p>\ud83d\udc49 <strong><a href=\"https:\/\/rentalpanda.es\/en\/hiking-mallorca-best-trails\/\">Mallorca Hiking: The 12 Most Beautiful Hikes in Mallorca<\/a><\/strong><\/p>\n\n\n\n<hr class=\"wp-block-separator has-alpha-channel-opacity\"\/>\n\n\n<div class=\"wp-block-image is-style-rounded\">\n<figure class=\"aligncenter size-full\"><img decoding=\"async\" width=\"500\" height=\"314\" src=\"https:\/\/rentalpanda.es\/wp-content\/uploads\/2025\/11\/kindersitz-mieten-auf-mallorca.jpg\" alt=\"kindersitz-mieten-auf-mallorca\" class=\"wp-image-22522\" srcset=\"https:\/\/rentalpanda.es\/wp-content\/uploads\/2025\/11\/kindersitz-mieten-auf-mallorca.jpg 500w, https:\/\/rentalpanda.es\/wp-content\/uploads\/2025\/11\/kindersitz-mieten-auf-mallorca-400x251.jpg 400w\" sizes=\"(max-width: 500px) 100vw, 500px\" \/><\/figure>\n<\/div>\n\n\n<p><\/p>\n\n\n\n<h3 class=\"wp-block-heading\">Advantages of the Rental Model in Mallorca<\/h3>\n\n\n\n<p>A rented child car seat gets used around 20\u201330 times per season before it's replaced \u2013 saving on manufacturing, shipping, and single-use packaging for a greener family holiday.<br>Plus, local reuse or resale cuts down on waste and boosts the overall CO\u2082 balance.<\/p>\n\n\n\n<blockquote class=\"wp-block-quote is-layout-flow wp-block-quote-is-layout-flow\">\n<p>&#x1f30d; <strong>RentalPanda Eco Edge:<\/strong><br>Every rented seat saves about 80% CO\u2082 compared to bringing your own \u2013 sustainable travel to Mallorca has never been this straightforward.<\/p>\n<\/blockquote>\n\n\n\n<hr class=\"wp-block-separator has-alpha-channel-opacity\"\/>\n\n\n\n<h2 class=\"wp-block-heading\">\u2705 Mallorca Travel Checklist: What to Check Before Deciding<\/h2>\n\n\n\n<ol class=\"wp-block-list\">\n<li>Double-check your airline's rules on car seats and baby seats for your UK-to-Mallorca flight.<\/li>\n\n\n\n<li>Scope out rental prices on the island (like at <a>RentalPanda.es<\/a>).<\/li>\n\n\n\n<li>Assess your own seat's condition \u2013 is the hassle worth it?<\/li>\n\n\n\n<li>Arrange <strong>Delivery right to Palma Airport<\/strong> or your hotel for seamless pickup.<\/li>\n\n\n\n<li>Remember: Less luggage means a more relaxed family getaway. \ud83c\udf1e<\/li>\n<\/ol>\n\n\n\n<blockquote class=\"wp-block-quote is-layout-flow wp-block-quote-is-layout-flow\">\n<p><strong>Fancy driving your own car to the island?<\/strong><br>\ud83d\udc49 <a href=\"https:\/\/rentalpanda.es\/en\/driving-to-mallorca\/\">Drive to Mallorca with Your Car!<\/a><\/p>\n<\/blockquote>\n\n\n\n<hr class=\"wp-block-separator has-alpha-channel-opacity\"\/>\n\n\n\n<h2 class=\"wp-block-heading\">\ud83e\udded Verdict: Renting Pays Off for Your Wallet and the Planet<\/h2>\n\n\n\n<p>When you weigh it all up (costs, convenience, safety, and sustainability) - <strong>Renting on Mallorca<\/strong> is almost always the smarter pick for your holiday.<\/p>\n\n\n\n<p>You skip the check-in stress, get inspected quality on arrival, and do your bit for the environment. In a nutshell:<br>&#x1f3af; <em>Less lugging, more lounging \u2013 with rented pushchairs and car seats from RentalPanda.<\/em><\/p>\n\n\n\n<hr class=\"wp-block-separator has-alpha-channel-opacity\"\/>\n\n\n\n<h2 class=\"wp-block-heading\">FAQ: Common Questions on \"Rent a Baby Car Seat or Bring Your Own?\"<\/h2>\n\n\n\n<p><strong>Can I take my child's car seat for free on the plane?<\/strong><br>No, most airlines charge for it. But there are exceptions \u2013 check with your carrier ahead of time.<\/p>\n\n\n\n<p><strong>How much does renting a baby car seat on Mallorca cost?<\/strong><br>From \u20ac5\u2013\u20ac7 per day depending on the model, with better rates for longer stays.<\/p>\n\n\n\n<p><strong>Are rental car seats safe?<\/strong><br>Absolutely, as long as they're regularly inspected and cleaned.<\/p>\n\n\n\n<p><strong>What's more eco-friendly \u2013 renting or bringing your own?<\/strong><br>Renting wins for sustainability, with multiple uses per seat and zero transport emissions.<\/p>","protected":false},"excerpt":{"rendered":"<p>Du freust dich auf Sonne, Meer und Tapas \u2013 aber fragst dich gerade, ob du wirklich Kindersitze im Flugzeug mitschleppen musst? Diese Frage stellen sich jedes Jahr Tausende Familien vor dem Mallorca-Urlaub. Denn: Die Mitnahme ist oft m\u00fchsam, kann teuer werden und ist nicht immer umweltfreundlich. Gleichzeitig m\u00f6chte man nat\u00fcrlich nicht auf Komfort und Sicherheit [&hellip;]<\/p>\n","protected":false},"author":1,"featured_media":22524,"comment_status":"open","ping_status":"closed","sticky":false,"template":"","format":"standard","meta":{"footnotes":""},"categories":[512],"tags":[530,1208,531,950,1029],"class_list":["post-22498","post","type-post","status-publish","format-standard","has-post-thumbnail","hentry","category-urlaubsartikel-mieten","tag-autositz-mieten","tag-autositz-mieten-mallorca","tag-kindersitz-mieten","tag-kindersitz-mieten-mallorca","tag-kindersitz-urlaub"],"featured_image_src":{"landsacpe":["https:\/\/rentalpanda.es\/wp-content\/uploads\/2025\/11\/kindersitz_mieten_mallorca-1000x445.jpg",1000,445,true],"list":["https:\/\/rentalpanda.es\/wp-content\/uploads\/2025\/11\/kindersitz_mieten_mallorca-463x348.jpg",463,348,true],"medium":["https:\/\/rentalpanda.es\/wp-content\/uploads\/2025\/11\/kindersitz_mieten_mallorca-300x200.jpg",300,200,true],"full":["https:\/\/rentalpanda.es\/wp-content\/uploads\/2025\/11\/kindersitz_mieten_mallorca.jpg",1000,667,false]},"yoast_head":"<!-- This site is optimized with the Yoast SEO plugin v27.1.1 - https:\/\/yoast.com\/product\/yoast-seo-wordpress\/ -->\n<title>Kindersitz Mallorca: Mieten vs. Mitnehmen | Kosten &amp; Umwelt-Check<\/title>\n<meta name=\"description\" content=\"Erfahre hier, wann sich das Mieten von Kindersitzen auf Mallorca lohnt \u2013 mit Preisvergleich &amp; Nachhaltigkeits-Analyse.\" \/>\n<meta name=\"robots\" content=\"index, follow, max-snippet:-1, max-image-preview:large, max-video-preview:-1\" \/>\n<link rel=\"canonical\" href=\"https:\/\/rentalpanda.es\/en\/baby-car-seat-hire-mallorca\/\" \/>\n<meta property=\"og:locale\" content=\"en_GB\" \/>\n<meta property=\"og:type\" content=\"article\" \/>\n<meta property=\"og:title\" content=\"Kindersitz Mallorca: Mieten vs. Mitnehmen | Kosten &amp; Umwelt-Check\" \/>\n<meta property=\"og:description\" content=\"Erfahre hier, wann sich das Mieten von Kindersitzen auf Mallorca lohnt \u2013 mit Preisvergleich &amp; Nachhaltigkeits-Analyse.\" \/>\n<meta property=\"og:url\" content=\"https:\/\/rentalpanda.es\/en\/baby-car-seat-hire-mallorca\/\" \/>\n<meta property=\"og:site_name\" content=\"RentalPanda.es\" \/>\n<meta property=\"article:publisher\" content=\"https:\/\/www.facebook.com\/rentalpandamallorca\" \/>\n<meta property=\"article:published_time\" content=\"2025-11-10T02:53:00+00:00\" \/>\n<meta property=\"article:modified_time\" content=\"2026-03-02T06:24:08+00:00\" \/>\n<meta property=\"og:image\" content=\"https:\/\/rentalpanda.es\/wp-content\/uploads\/2025\/11\/kindersitz_mieten_mallorca.jpg\" \/>\n\t<meta property=\"og:image:width\" content=\"1000\" \/>\n\t<meta property=\"og:image:height\" content=\"667\" \/>\n\t<meta property=\"og:image:type\" content=\"image\/jpeg\" \/>\n<meta name=\"author\" content=\"rentalpanda\" \/>\n<meta name=\"twitter:card\" content=\"summary_large_image\" \/>\n<meta name=\"twitter:label1\" content=\"Written by\" \/>\n\t<meta name=\"twitter:data1\" content=\"rentalpanda\" \/>\n\t<meta name=\"twitter:label2\" content=\"Estimated reading time\" \/>\n\t<meta name=\"twitter:data2\" content=\"5 minutes\" \/>\n<script type=\"application\/ld+json\" class=\"yoast-schema-graph\">{\"@context\":\"https:\/\/schema.org\",\"@graph\":[{\"@type\":\"Article\",\"@id\":\"https:\/\/rentalpanda.es\/kindersitz-mallorca-mieten\/#article\",\"isPartOf\":{\"@id\":\"https:\/\/rentalpanda.es\/kindersitz-mallorca-mieten\/\"},\"author\":{\"name\":\"rentalpanda\",\"@id\":\"https:\/\/rentalpanda.es\/en\/#\/schema\/person\/da549bbd7f004e5c08bf3d1df1421606\"},\"headline\":\"Mitnehmen vs. Mieten: Kindersitz f\u00fcr den Mallorca-Urlaub \u2014 Kostenrechnung &amp; Umwelt-Check\",\"datePublished\":\"2025-11-10T02:53:00+00:00\",\"dateModified\":\"2026-03-02T06:24:08+00:00\",\"mainEntityOfPage\":{\"@id\":\"https:\/\/rentalpanda.es\/kindersitz-mallorca-mieten\/\"},\"wordCount\":938,\"commentCount\":0,\"publisher\":{\"@id\":\"https:\/\/rentalpanda.es\/en\/#organization\"},\"image\":{\"@id\":\"https:\/\/rentalpanda.es\/kindersitz-mallorca-mieten\/#primaryimage\"},\"thumbnailUrl\":\"https:\/\/rentalpanda.es\/wp-content\/uploads\/2025\/11\/kindersitz_mieten_mallorca.jpg\",\"keywords\":[\"autositz mieten\",\"autositz mieten mallorca\",\"kindersitz mieten\",\"kindersitz mieten mallorca\",\"kindersitz urlaub\"],\"articleSection\":[\"Urlaubsartikel mieten\"],\"inLanguage\":\"en-GB\",\"potentialAction\":[{\"@type\":\"CommentAction\",\"name\":\"Comment\",\"target\":[\"https:\/\/rentalpanda.es\/kindersitz-mallorca-mieten\/#respond\"]}]},{\"@type\":\"WebPage\",\"@id\":\"https:\/\/rentalpanda.es\/kindersitz-mallorca-mieten\/\",\"url\":\"https:\/\/rentalpanda.es\/kindersitz-mallorca-mieten\/\",\"name\":\"Kindersitz Mallorca: Mieten vs. Mitnehmen | Kosten & Umwelt-Check\",\"isPartOf\":{\"@id\":\"https:\/\/rentalpanda.es\/en\/#website\"},\"primaryImageOfPage\":{\"@id\":\"https:\/\/rentalpanda.es\/kindersitz-mallorca-mieten\/#primaryimage\"},\"image\":{\"@id\":\"https:\/\/rentalpanda.es\/kindersitz-mallorca-mieten\/#primaryimage\"},\"thumbnailUrl\":\"https:\/\/rentalpanda.es\/wp-content\/uploads\/2025\/11\/kindersitz_mieten_mallorca.jpg\",\"datePublished\":\"2025-11-10T02:53:00+00:00\",\"dateModified\":\"2026-03-02T06:24:08+00:00\",\"description\":\"Erfahre hier, wann sich das Mieten von Kindersitzen auf Mallorca lohnt \u2013 mit Preisvergleich & Nachhaltigkeits-Analyse.\",\"breadcrumb\":{\"@id\":\"https:\/\/rentalpanda.es\/kindersitz-mallorca-mieten\/#breadcrumb\"},\"inLanguage\":\"en-GB\",\"potentialAction\":[{\"@type\":\"ReadAction\",\"target\":[\"https:\/\/rentalpanda.es\/kindersitz-mallorca-mieten\/\"]}]},{\"@type\":\"ImageObject\",\"inLanguage\":\"en-GB\",\"@id\":\"https:\/\/rentalpanda.es\/kindersitz-mallorca-mieten\/#primaryimage\",\"url\":\"https:\/\/rentalpanda.es\/wp-content\/uploads\/2025\/11\/kindersitz_mieten_mallorca.jpg\",\"contentUrl\":\"https:\/\/rentalpanda.es\/wp-content\/uploads\/2025\/11\/kindersitz_mieten_mallorca.jpg\",\"width\":1000,\"height\":667,\"caption\":\"kindersitz-mieten-mallorca\"},{\"@type\":\"BreadcrumbList\",\"@id\":\"https:\/\/rentalpanda.es\/kindersitz-mallorca-mieten\/#breadcrumb\",\"itemListElement\":[{\"@type\":\"ListItem\",\"position\":1,\"name\":\"Startseite\",\"item\":\"https:\/\/rentalpanda.es\/\"},{\"@type\":\"ListItem\",\"position\":2,\"name\":\"Mitnehmen vs. Mieten: Kindersitz f\u00fcr den Mallorca-Urlaub \u2014 Kostenrechnung &amp; Umwelt-Check\"}]},{\"@type\":\"WebSite\",\"@id\":\"https:\/\/rentalpanda.es\/en\/#website\",\"url\":\"https:\/\/rentalpanda.es\/en\/\",\"name\":\"RentalPanda.es\",\"description\":\"Baby, Beach &amp; Holiday Gear for Rent\",\"publisher\":{\"@id\":\"https:\/\/rentalpanda.es\/en\/#organization\"},\"potentialAction\":[{\"@type\":\"SearchAction\",\"target\":{\"@type\":\"EntryPoint\",\"urlTemplate\":\"https:\/\/rentalpanda.es\/en\/?s={search_term_string}\"},\"query-input\":{\"@type\":\"PropertyValueSpecification\",\"valueRequired\":true,\"valueName\":\"search_term_string\"}}],\"inLanguage\":\"en-GB\"},{\"@type\":\"Organization\",\"@id\":\"https:\/\/rentalpanda.es\/en\/#organization\",\"name\":\"Rentalpanda.es\",\"url\":\"https:\/\/rentalpanda.es\/en\/\",\"logo\":{\"@type\":\"ImageObject\",\"inLanguage\":\"en-GB\",\"@id\":\"https:\/\/rentalpanda.es\/en\/#\/schema\/logo\/image\/\",\"url\":\"https:\/\/rentalpanda.es\/wp-content\/uploads\/2017\/02\/rentalpanda-logo-webseite-end.png\",\"contentUrl\":\"https:\/\/rentalpanda.es\/wp-content\/uploads\/2017\/02\/rentalpanda-logo-webseite-end.png\",\"width\":260,\"height\":71,\"caption\":\"Rentalpanda.es\"},\"image\":{\"@id\":\"https:\/\/rentalpanda.es\/en\/#\/schema\/logo\/image\/\"},\"sameAs\":[\"https:\/\/www.facebook.com\/rentalpandamallorca\"]},{\"@type\":\"Person\",\"@id\":\"https:\/\/rentalpanda.es\/en\/#\/schema\/person\/da549bbd7f004e5c08bf3d1df1421606\",\"name\":\"rentalpanda\",\"image\":{\"@type\":\"ImageObject\",\"inLanguage\":\"en-GB\",\"@id\":\"https:\/\/rentalpanda.es\/en\/#\/schema\/person\/image\/\",\"url\":\"https:\/\/rentalpanda.es\/wp-content\/litespeed\/avatar\/4a21927017bb45e230ffe8bbf21ba94d.jpg?ver=1776912473\",\"contentUrl\":\"https:\/\/rentalpanda.es\/wp-content\/litespeed\/avatar\/4a21927017bb45e230ffe8bbf21ba94d.jpg?ver=1776912473\",\"caption\":\"rentalpanda\"}}]}<\/script>\n<!-- \/ Yoast SEO plugin. -->","yoast_head_json":{"title":"Mallorca: Baby Car Seat Hire vs Bring Your Own | Cost Breakdown &amp; Eco Check","description":"Find out here if Renting a Baby Car Seat in Mallorca pays off for UK families \u2013 with cost comparisons, baggage savings &amp; eco analysis.","robots":{"index":"index","follow":"follow","max-snippet":"max-snippet:-1","max-image-preview":"max-image-preview:large","max-video-preview":"max-video-preview:-1"},"canonical":"https:\/\/rentalpanda.es\/en\/baby-car-seat-hire-mallorca\/","og_locale":"en_GB","og_type":"article","og_title":"Kindersitz Mallorca: Mieten vs. Mitnehmen | Kosten & Umwelt-Check","og_description":"Erfahre hier, wann sich das Mieten von Kindersitzen auf Mallorca lohnt \u2013 mit Preisvergleich & Nachhaltigkeits-Analyse.","og_url":"https:\/\/rentalpanda.es\/en\/baby-car-seat-hire-mallorca\/","og_site_name":"RentalPanda.es","article_publisher":"https:\/\/www.facebook.com\/rentalpandamallorca","article_published_time":"2025-11-10T02:53:00+00:00","article_modified_time":"2026-03-02T06:24:08+00:00","og_image":[{"width":1000,"height":667,"url":"https:\/\/rentalpanda.es\/wp-content\/uploads\/2025\/11\/kindersitz_mieten_mallorca.jpg","type":"image\/jpeg"}],"author":"rentalpanda","twitter_card":"summary_large_image","twitter_misc":{"Written by":"rentalpanda","Estimated reading time":"5 minutes"},"schema":{"@context":"https:\/\/schema.org","@graph":[{"@type":"Article","@id":"https:\/\/rentalpanda.es\/kindersitz-mallorca-mieten\/#article","isPartOf":{"@id":"https:\/\/rentalpanda.es\/kindersitz-mallorca-mieten\/"},"author":{"name":"rentalpanda","@id":"https:\/\/rentalpanda.es\/en\/#\/schema\/person\/da549bbd7f004e5c08bf3d1df1421606"},"headline":"Mitnehmen vs. Mieten: Kindersitz f\u00fcr den Mallorca-Urlaub \u2014 Kostenrechnung &amp; Umwelt-Check","datePublished":"2025-11-10T02:53:00+00:00","dateModified":"2026-03-02T06:24:08+00:00","mainEntityOfPage":{"@id":"https:\/\/rentalpanda.es\/kindersitz-mallorca-mieten\/"},"wordCount":938,"commentCount":0,"publisher":{"@id":"https:\/\/rentalpanda.es\/en\/#organization"},"image":{"@id":"https:\/\/rentalpanda.es\/kindersitz-mallorca-mieten\/#primaryimage"},"thumbnailUrl":"https:\/\/rentalpanda.es\/wp-content\/uploads\/2025\/11\/kindersitz_mieten_mallorca.jpg","keywords":["autositz mieten","autositz mieten mallorca","kindersitz mieten","kindersitz mieten mallorca","kindersitz urlaub"],"articleSection":["Urlaubsartikel mieten"],"inLanguage":"en-GB","potentialAction":[{"@type":"CommentAction","name":"Comment","target":["https:\/\/rentalpanda.es\/kindersitz-mallorca-mieten\/#respond"]}]},{"@type":"WebPage","@id":"https:\/\/rentalpanda.es\/kindersitz-mallorca-mieten\/","url":"https:\/\/rentalpanda.es\/kindersitz-mallorca-mieten\/","name":"Mallorca: Baby Car Seat Hire vs Bring Your Own | Cost Breakdown &amp; Eco Check","isPartOf":{"@id":"https:\/\/rentalpanda.es\/en\/#website"},"primaryImageOfPage":{"@id":"https:\/\/rentalpanda.es\/kindersitz-mallorca-mieten\/#primaryimage"},"image":{"@id":"https:\/\/rentalpanda.es\/kindersitz-mallorca-mieten\/#primaryimage"},"thumbnailUrl":"https:\/\/rentalpanda.es\/wp-content\/uploads\/2025\/11\/kindersitz_mieten_mallorca.jpg","datePublished":"2025-11-10T02:53:00+00:00","dateModified":"2026-03-02T06:24:08+00:00","description":"Find out here if Renting a Baby Car Seat in Mallorca pays off for UK families \u2013 with cost comparisons, baggage savings &amp; eco analysis.","breadcrumb":{"@id":"https:\/\/rentalpanda.es\/kindersitz-mallorca-mieten\/#breadcrumb"},"inLanguage":"en-GB","potentialAction":[{"@type":"ReadAction","target":["https:\/\/rentalpanda.es\/kindersitz-mallorca-mieten\/"]}]},{"@type":"ImageObject","inLanguage":"en-GB","@id":"https:\/\/rentalpanda.es\/kindersitz-mallorca-mieten\/#primaryimage","url":"https:\/\/rentalpanda.es\/wp-content\/uploads\/2025\/11\/kindersitz_mieten_mallorca.jpg","contentUrl":"https:\/\/rentalpanda.es\/wp-content\/uploads\/2025\/11\/kindersitz_mieten_mallorca.jpg","width":1000,"height":667,"caption":"kindersitz-mieten-mallorca"},{"@type":"BreadcrumbList","@id":"https:\/\/rentalpanda.es\/kindersitz-mallorca-mieten\/#breadcrumb","itemListElement":[{"@type":"ListItem","position":1,"name":"Startseite","item":"https:\/\/rentalpanda.es\/"},{"@type":"ListItem","position":2,"name":"Mitnehmen vs. Mieten: Kindersitz f\u00fcr den Mallorca-Urlaub \u2014 Kostenrechnung &amp; Umwelt-Check"}]},{"@type":"WebSite","@id":"https:\/\/rentalpanda.es\/en\/#website","url":"https:\/\/rentalpanda.es\/en\/","name":"RentalPanda.es","description":"Baby, Beach &amp; Holiday Gear for Rent","publisher":{"@id":"https:\/\/rentalpanda.es\/en\/#organization"},"potentialAction":[{"@type":"SearchAction","target":{"@type":"EntryPoint","urlTemplate":"https:\/\/rentalpanda.es\/en\/?s={search_term_string}"},"query-input":{"@type":"PropertyValueSpecification","valueRequired":true,"valueName":"search_term_string"}}],"inLanguage":"en-GB"},{"@type":"Organization","@id":"https:\/\/rentalpanda.es\/en\/#organization","name":"Rentalpanda.es","url":"https:\/\/rentalpanda.es\/en\/","logo":{"@type":"ImageObject","inLanguage":"en-GB","@id":"https:\/\/rentalpanda.es\/en\/#\/schema\/logo\/image\/","url":"https:\/\/rentalpanda.es\/wp-content\/uploads\/2017\/02\/rentalpanda-logo-webseite-end.png","contentUrl":"https:\/\/rentalpanda.es\/wp-content\/uploads\/2017\/02\/rentalpanda-logo-webseite-end.png","width":260,"height":71,"caption":"Rentalpanda.es"},"image":{"@id":"https:\/\/rentalpanda.es\/en\/#\/schema\/logo\/image\/"},"sameAs":["https:\/\/www.facebook.com\/rentalpandamallorca"]},{"@type":"Person","@id":"https:\/\/rentalpanda.es\/en\/#\/schema\/person\/da549bbd7f004e5c08bf3d1df1421606","name":"rentalpanda","image":{"@type":"ImageObject","inLanguage":"en-GB","@id":"https:\/\/rentalpanda.es\/en\/#\/schema\/person\/image\/","url":"https:\/\/rentalpanda.es\/wp-content\/litespeed\/avatar\/4a21927017bb45e230ffe8bbf21ba94d.jpg?ver=1776912473","contentUrl":"https:\/\/rentalpanda.es\/wp-content\/litespeed\/avatar\/4a21927017bb45e230ffe8bbf21ba94d.jpg?ver=1776912473","caption":"rentalpanda"}}]}},"_links":{"self":[{"href":"https:\/\/rentalpanda.es\/en\/wp-json\/wp\/v2\/posts\/22498","targetHints":{"allow":["GET"]}}],"collection":[{"href":"https:\/\/rentalpanda.es\/en\/wp-json\/wp\/v2\/posts"}],"about":[{"href":"https:\/\/rentalpanda.es\/en\/wp-json\/wp\/v2\/types\/post"}],"author":[{"embeddable":true,"href":"https:\/\/rentalpanda.es\/en\/wp-json\/wp\/v2\/users\/1"}],"replies":[{"embeddable":true,"href":"https:\/\/rentalpanda.es\/en\/wp-json\/wp\/v2\/comments?post=22498"}],"version-history":[{"count":12,"href":"https:\/\/rentalpanda.es\/en\/wp-json\/wp\/v2\/posts\/22498\/revisions"}],"predecessor-version":[{"id":23225,"href":"https:\/\/rentalpanda.es\/en\/wp-json\/wp\/v2\/posts\/22498\/revisions\/23225"}],"wp:featuredmedia":[{"embeddable":true,"href":"https:\/\/rentalpanda.es\/en\/wp-json\/wp\/v2\/media\/22524"}],"wp:attachment":[{"href":"https:\/\/rentalpanda.es\/en\/wp-json\/wp\/v2\/media?parent=22498"}],"wp:term":[{"taxonomy":"category","embeddable":true,"href":"https:\/\/rentalpanda.es\/en\/wp-json\/wp\/v2\/categories?post=22498"},{"taxonomy":"post_tag","embeddable":true,"href":"https:\/\/rentalpanda.es\/en\/wp-json\/wp\/v2\/tags?post=22498"}],"curies":[{"name":"wp","href":"https:\/\/api.w.org\/{rel}","templated":true}]}}