{"id":18968,"date":"2025-01-19T04:10:21","date_gmt":"2025-01-19T04:10:21","guid":{"rendered":"https:\/\/rentalpanda.es\/?p=18968"},"modified":"2026-03-02T07:17:54","modified_gmt":"2026-03-02T07:17:54","slug":"car-child-seat-from-age-3","status":"publish","type":"post","link":"https:\/\/rentalpanda.es\/en\/auto-kindersitz-ab-3-jahren\/","title":{"rendered":"Mallorca by Car: Child Seat Recommended from Age 3"},"content":{"rendered":"<p>The perfect family holiday in Mallorca often begins with hiring a car and planning exciting day trips across the island \u2013 after all, Mallorca is renowned as the island of sun, sea, and unforgettable memories.<\/p>\n\n\n\n<p><\/p>\n\n\n\n<p>When heading off for a holiday with your little ones, you know that preparation involves more than just packing sunscreen and swimsuits. Especially if you opt for a hire car to explore the island, a child seat for children aged 3 and up is <strong>an absolute must<\/strong>. And off you go!<\/p>\n\n\n\n<p><\/p>\n\n\n\n<h3 class=\"wp-block-heading\">Key takeaways<\/h3>\n\n\n\n<ul class=\"wp-block-list\">\n<li>In Spain, children under 12 years old or shorter than 135 cm must use a child seat or booster seat in the car.<\/li>\n\n\n\n<li>RentalPanda offers an alternative to the often overpriced or poorly maintained child seats provided by car hire companies in Mallorca.<\/li>\n\n\n\n<li>Online booking and direct delivery to your holiday destination are available, saving time and stress.<\/li>\n\n\n\n<li>Plenty of tips for family-friendly activities and experiences in Mallorca.<\/li>\n<\/ul>\n\n\n\n<p><\/p>\n\n\n\n<p><strong>\ud83d\udc49<\/strong> <strong>DON\u2019T FORGET <a href=\"https:\/\/rentalpanda.es\/en\/product\/car-seat-for-children-9-36kg\/\">: Affordable child seat hire<\/a> or a <a href=\"https:\/\/rentalpanda.es\/en\/rent-pushchair-on-holiday\/\">Rent a Pram<\/a> in Mallorca with RentalPanda!<\/strong><\/p>\n\n\n<div class=\"wp-block-image\">\n<figure class=\"aligncenter size-full\"><img decoding=\"async\" width=\"500\" height=\"380\" src=\"https:\/\/rentalpanda.es\/wp-content\/uploads\/2025\/01\/auto_kindersitz_ab_3_jahren.jpg\" alt=\"auto_kindersitz_ab_3_jahren\" class=\"wp-image-18976\" srcset=\"https:\/\/rentalpanda.es\/wp-content\/uploads\/2025\/01\/auto_kindersitz_ab_3_jahren.jpg 500w, https:\/\/rentalpanda.es\/wp-content\/uploads\/2025\/01\/auto_kindersitz_ab_3_jahren-400x304.jpg 400w\" sizes=\"(max-width: 500px) 100vw, 500px\" \/><\/figure>\n<\/div>\n\n\n<h2 class=\"wp-block-heading\">Car Child Seat: Recommended from Age 3 in Mallorca?<\/h2>\n\n\n\n<p>In Mallorca and throughout Spain, it is mandatory for children under 12 years old or shorter than 135 cm to use an approved child seat or booster seat in the car. This rule applies regardless of the child\u2019s age as long as their height is under 135 cm. <strong>child seat for children aged 3+<\/strong> and up, a child seat or booster seat is required in the car.<\/p>\n\n\n\n<p><strong><strong>\ud83d\udc49<\/strong><\/strong> <strong><a href=\"https:\/\/rentalpanda.es\/en\/hiking-mallorca-best-trails\/\">Hiking in Mallorca: 12 Spectacular Hiking Trails to Explore<\/a><\/strong><\/p>\n\n\n\n<h2 class=\"wp-block-heading\">Hiring a Child Seat from Car Rental Companies?<\/h2>\n\n\n\n<p>The issue in Mallorca is that car hire companies are notorious for offering <strong>overpriced child seats<\/strong> or ones in poor condition, hardly worth the hassle. This is where the family-run business \u201cRentalPanda\u201d steps in \u2013 a rental service that makes your holiday simpler and safer.<\/p>\n\n\n\n<p><\/p>\n\n\n\n<p><strong><strong>\ud83d\udc49<\/strong> Du m\u00f6chtest mehr \u00fcber die <a href=\"https:\/\/rentalpanda.es\/en\/mallorca-water-temperature\/\">WATER TEMPERATURE<\/a> in Mallorca?<\/strong><\/p>\n\n\n\n<p><\/p>\n\n\n\n<h3 class=\"wp-block-heading\">Child Seats for Every Adventure<\/h3>\n\n\n\n<p>Whether your little one is a newborn or already a tiny adventurer on two feet, RentalPanda offers child seats in various sizes and quality levels, including safe Isofix seats. You can rest assured that your precious cargo is secure during every journey in Mallorca.<\/p>\n\n\n\n<p><\/p>\n\n\n<div class=\"wp-block-image\">\n<figure class=\"aligncenter size-full\"><img decoding=\"async\" width=\"384\" height=\"118\" src=\"https:\/\/rentalpanda.es\/wp-content\/uploads\/2025\/01\/rentalpandalogo.jpg\" alt=\"kindersitz_ab_3_jahren_mieten\" class=\"wp-image-18980\"\/><\/figure>\n<\/div>\n\n\n<p><\/p>\n\n\n\n<h2 class=\"wp-block-heading\">What Else Can You Hire Besides Child Seats?<\/h2>\n\n\n\n<ul class=\"wp-block-list\">\n<li><strong>Prams:<\/strong> Mallorca\u2019s streets and paths are perfect for leisurely strolls. With a high-quality, well-maintained pram from RentalPanda, you can explore the island at your own pace without the hassle of lugging your heavy pram from home.<\/li>\n\n\n\n<li><strong>Travel Cots:<\/strong> Sleep is vital, especially on holiday. RentalPanda\u2019s travel cots provide a safe and comfortable sleeping space for your child, no matter where you are on the island.<\/li>\n\n\n\n<li><strong>Beach Tents:<\/strong> The Mallorca sun can be intense. A beach tent from RentalPanda offers UV protection and a shady retreat for your little ones, ensuring they can rest comfortably at the beach.<\/li>\n<\/ul>\n\n\n\n<p><\/p>\n\n\n\n<p><strong><strong>\ud83d\udc49<\/strong> GUTE PLANUNG: Spannende Orte auf unserer <a href=\"https:\/\/rentalpanda.es\/en\/mallorca-map\/\">MALLORCA MAP<\/a> now!<\/strong><\/p>\n\n\n\n<p><\/p>\n\n\n\n<h3 class=\"wp-block-heading\">How the Hire Process Works<\/h3>\n\n\n\n<p>The process begins with booking: you can reserve everything you need for your family holiday <strong>directly online with RentalPanda.<\/strong> This saves you not only time but also stress on arrival. All RentalPanda products are either brand new or in like-new condition, so you can be confident that everything you hire is clean, safe, and fully functional.<\/p>\n\n\n\n<p><\/p>\n\n\n\n<p><strong><strong>\ud83d\udc49<\/strong><\/strong> <strong><a href=\"https:\/\/rentalpanda.es\/en\/baby-car-seat-hire-mallorca\/\">Baby Car Seat Mallorca: Rent It vs. Bring It<\/a><\/strong><\/p>\n\n\n\n<p>After booking online and arriving in Mallorca, your hired items will be delivered directly to your <strong>hire car at the airport or to your hotel.<\/strong>Returning the items is just as straightforward as the delivery: simply drop them off at the agreed location, and that\u2019s one less worry for you.<\/p>\n\n\n\n<p><\/p>\n\n\n<div class=\"wp-block-image is-style-rounded\">\n<figure class=\"aligncenter size-full\"><img decoding=\"async\" width=\"500\" height=\"334\" src=\"https:\/\/rentalpanda.es\/wp-content\/uploads\/2025\/01\/kindersitz-ab-3-jahren_mieten.jpg\" alt=\"kindersitz-ab-3-jahren_mieten\" class=\"wp-image-18986\" srcset=\"https:\/\/rentalpanda.es\/wp-content\/uploads\/2025\/01\/kindersitz-ab-3-jahren_mieten.jpg 500w, https:\/\/rentalpanda.es\/wp-content\/uploads\/2025\/01\/kindersitz-ab-3-jahren_mieten-400x267.jpg 400w\" sizes=\"(max-width: 500px) 100vw, 500px\" \/><\/figure>\n<\/div>\n\n\n<p><\/p>\n\n\n\n<h2 class=\"wp-block-heading\">Mallorca for Families \u2013 Must-Visit Highlights<\/h2>\n\n\n\n<p>To make your family holiday truly unforgettable, we\u2019ve put together a short list of examples of what you can do during your time here:<\/p>\n\n\n\n<p><\/p>\n\n\n\n<ul class=\"wp-block-list\">\n<li><strong>Family-Friendly Beaches:<\/strong> Mallorca is famous for its stunning beaches, but some are especially suited for families. <strong>Es Trenc beach<\/strong> is renowned for its fine white sand and shallow water \u2013 perfect for little ones.<strong> Alc\u00fadia beach<\/strong> offers plenty of space and a calm bay, ideal for families. Another favourite is <a href=\"https:\/\/visitcapdepera.com\/de\/strand-cala-agulla\/\">Cala Agulla<\/a>, which impresses with its natural beauty and protected areas for children.<br><br><strong><strong>\ud83d\udc49<\/strong> Also interesting:<\/strong> <strong><a href=\"https:\/\/rentalpanda.es\/en\/flight-time-to-mallorca\/\">How long is the flight to Mallorca?<\/a><\/strong><br><br><\/li>\n\n\n\n<li><strong>Theme Parks:<\/strong> For days when you fancy a break from the beach, there are several family-friendly theme parks. The Aquapark in Magaluf offers water fun for all ages, while Marineland in Palma features not only dolphin shows but also a small zoo. You can also visit <strong><a href=\"https:\/\/rentalpanda.es\/en\/mallorca-with-kids\/\">Western Park in Magaluf<\/a><\/strong> , where kids can play cowboy or cowgirl and even ride horses.<br><br><\/li>\n\n\n\n<li><strong>Hiking: <\/strong>Mallorca isn\u2019t just about beaches \u2013 its natural beauty is equally captivating. There are plenty of short, family-friendly hiking trails. The Torrent de Pareis trail is a highlight but can be challenging, so it\u2019s better suited for older kids. For younger children, the trail to Lluc Monastery<strong> <\/strong>offers a relaxed atmosphere and the chance to enjoy an ice cream. The path around Cuber Reservoir provides easy hikes with breathtaking views.<br><br><strong><strong>\ud83d\udc49<\/strong> Do You Want To <a href=\"https:\/\/rentalpanda.es\/en\/driving-to-mallorca\/\">DRIVE TO MALLORCA WITH YOUR CAR<\/a> ?<\/strong><br><br><\/li>\n\n\n\n<li><strong>Events: <\/strong>Mallorca has a vibrant culture that appeals to families. In summer, local festivals with fireworks, parades, and music provide plenty of entertainment. <strong><a href=\"https:\/\/rentalpanda.es\/en\/mallorca-with-kids\/\">The Sant Joan Festival<\/a> <\/strong>in June is a particular hit with kids. The Dia de les Illes Balears in March, celebrating the Balearic Islands, also offers a range of family-friendly activities.<br><br><\/li>\n\n\n\n<li><strong>Food and Drink:<\/strong> Mallorcan cuisine is wonderfully family-friendly, with dishes that even the pickiest eaters will love. Empanadas, Pa Amb Oli (bread with oil and tomatoes), and local ice cream parlours are always a hit. Many restaurants offer special children\u2019s menus or family-friendly areas. Be sure to try Ensaimadas, a traditional Mallorcan sweet treat that kids adore.<\/li>\n<\/ul>\n\n\n\n<p><\/p>\n\n\n<div class=\"wp-block-image is-style-rounded\">\n<figure class=\"aligncenter size-full\"><img decoding=\"async\" width=\"500\" height=\"283\" src=\"https:\/\/rentalpanda.es\/wp-content\/uploads\/2025\/01\/kindersitz-mieten-ab-3-jahren.jpg\" alt=\"kindersitz-mieten-ab-3-jahren\" class=\"wp-image-18983\" srcset=\"https:\/\/rentalpanda.es\/wp-content\/uploads\/2025\/01\/kindersitz-mieten-ab-3-jahren.jpg 500w, https:\/\/rentalpanda.es\/wp-content\/uploads\/2025\/01\/kindersitz-mieten-ab-3-jahren-400x226.jpg 400w\" sizes=\"(max-width: 500px) 100vw, 500px\" \/><\/figure>\n<\/div>\n\n\n<p><\/p>\n\n\n\n<h2 class=\"wp-block-heading\">Safety Tips for Your Family Holiday<\/h2>\n\n\n\n<p>Denkt daran, eure Kinder gut mit Sonnencreme einzuschmieren. Die Sonne auf Mallorca kann sehr stark sein. Genug zu trinken ist ebenfalls wichtig. Tragt also am besten immer eine Wasserflasche mit euch. UV-Schutz-Shirts und Sonnenschutz-H\u00fcte sind eine gute Investition, um die Haut eurer Kinder zu sch\u00fctzen.<\/p>\n\n\n\n<p><\/p>\n\n\n\n<p><strong><strong>\ud83d\udc49<\/strong> Auf Mallorca: <a href=\"https:\/\/rentalpanda.es\/en\/where-to-hire-child-car-seats\/\">Where can you hire child car seats<\/a>?<\/strong><\/p>\n\n\n\n<p><\/p>\n\n\n\n<h3 class=\"wp-block-heading\">More Tips for an Unforgettable Holiday<\/h3>\n\n\n\n<ul class=\"wp-block-list\">\n<li><strong>Speak Spanish:<\/strong> Learning a few simple Spanish phrases can help you communicate better and immerse yourselves in the local culture.<\/li>\n\n\n\n<li><strong>Local Markets:<\/strong> Visit markets like the Mercat de l\u2019Olivar in Palma, where you can find fresh produce and local specialities. It\u2019s also a great way to teach kids about different cultures.<\/li>\n\n\n\n<li><strong>Cultural Experiences: <\/strong>A visit to Castell de Bellver or Palau de l\u2019Almudaina offers insights into Mallorca\u2019s history, which can be exciting for kids if presented as an adventure.<\/li>\n\n\n\n<li><strong>Excursions:<\/strong> A trip to Formentor, with its spectacular views, or a boat trip to one of Mallorca\u2019s smaller islands, like Sa Dragonera, can create unforgettable memories.<\/li>\n<\/ul>\n\n\n\n<p><\/p>\n\n\n\n<h3 class=\"wp-block-heading\">Final thoughts<\/h3>\n\n\n\n<p>Your holiday in Mallorca should be a highlight for the whole family \u2013 and it can be! With RentalPanda, you can plan your trip so that your children are safe and comfortable throughout. It\u2019s not only practical but also more cost-effective than the often overpriced options from car hire companies.<\/p>\n\n\n\n<p><\/p>\n\n\n\n<p>So k\u00f6nnt ihr die Sch\u00f6nheiten Mallorcas mit der ganzen Familie genie\u00dfen, ohne dass die Logistik des Reisens euch den Spa\u00df am Urlaub verdirbt. Packt also die Badehosen ein, zieht die Sonnenbrille auf und los geht euer Abenteuer auf Mallorca!<\/p>\n\n\n\n<p><\/p>\n\n\n\n<h2 class=\"wp-block-heading\">FAQ<\/h2>\n\n\n\n<div class=\"schema-faq wp-block-yoast-faq-block\"><div class=\"schema-faq-section\" id=\"faq-question-1737257825152\"><strong class=\"schema-faq-question\"><strong>Are there restaurants or caf\u00e9s in Mallorca tailored to the needs of families with young children?<\/strong><\/strong> <p class=\"schema-faq-answer\">Yes, Mallorca has plenty of family-friendly restaurants and caf\u00e9s. Many offer children\u2019s menus, high chairs, and play areas. Especially in tourist areas like Alc\u00fadia or Palma, you\u2019ll find establishments geared towards families, serving simple, child-friendly dishes like pasta or pizza, as well as healthier options.<\/p> <\/div> <div class=\"schema-faq-section\" id=\"faq-question-1737257849509\"><strong class=\"schema-faq-question\"><strong>How can you use public transport in Mallorca with young children?<\/strong><\/strong> <p class=\"schema-faq-answer\">Mallorca\u2019s public transport is fairly family-friendly. TIB (Transport de les Illes Balears) buses are equipped with space for prams, and most run regularly. There are also specific timetables for weekends and holidays. However, for longer journeys or exploring the island, a hire car or taxi is often more practical, especially with a child seat from RentalPanda.<\/p> <\/div> <div class=\"schema-faq-section\" id=\"faq-question-1737257874540\"><strong class=\"schema-faq-question\"><strong>Are the beach conditions in Mallorca safe for children, or are there specific dangers to watch out for?<\/strong><\/strong> <p class=\"schema-faq-answer\">Most beaches in Mallorca are very safe for children, particularly popular family-friendly ones like Es Trenc or Alc\u00fadia, which offer shallow water and sandy shores. However, parents should be mindful of strong sunlight, sea currents, and ensuring children don\u2019t venture too far into the water. Some beaches also have safety measures like lifeguards or designated child-safe zones.<br\/><br\/><strong>Conclusion: <\/strong>With RentalPanda and the right car child seat from age 3, you\u2019ve got the perfect companion for your family holiday.<\/p> <\/div> <\/div>","protected":false},"excerpt":{"rendered":"<p>Der perfekte Familienurlaub auf Mallorca f\u00e4ngt f\u00fcr viele Urlauber schon mit dem Miet-Auto und der Planung f\u00fcr ausgedehnte Ausfl\u00fcge auf der Insel an \u2013 denn Mallorca ist bekanntlich die Insel der Sonne, des Meeres und der unvergesslichen Momente. Wenn ihr euch f\u00fcr einen Urlaub mit eurer kleinen Familie dorthin aufmacht, dann wisst ihr, dass die [&hellip;]<\/p>\n","protected":false},"author":1,"featured_media":18973,"comment_status":"open","ping_status":"closed","sticky":false,"template":"","format":"standard","meta":{"footnotes":""},"categories":[512],"tags":[530,1123,1124,531,950,1029,1028],"class_list":["post-18968","post","type-post","status-publish","format-standard","has-post-thumbnail","hentry","category-urlaubsartikel-mieten","tag-autositz-mieten","tag-kindersitz-ab-3-jahren","tag-kindersitz-auto","tag-kindersitz-mieten","tag-kindersitz-mieten-mallorca","tag-kindersitz-urlaub","tag-urlaub-mallorca-mit-kindern"],"featured_image_src":{"landsacpe":["https:\/\/rentalpanda.es\/wp-content\/uploads\/2025\/01\/auto-kindersitz-ab-3-jahren-1000x445.jpg",1000,445,true],"list":["https:\/\/rentalpanda.es\/wp-content\/uploads\/2025\/01\/auto-kindersitz-ab-3-jahren-463x348.jpg",463,348,true],"medium":["https:\/\/rentalpanda.es\/wp-content\/uploads\/2025\/01\/auto-kindersitz-ab-3-jahren-300x200.jpg",300,200,true],"full":["https:\/\/rentalpanda.es\/wp-content\/uploads\/2025\/01\/auto-kindersitz-ab-3-jahren.jpg",1000,667,false]},"yoast_head":"<!-- This site is optimized with the Yoast SEO plugin v27.1.1 - https:\/\/yoast.com\/product\/yoast-seo-wordpress\/ -->\n<title>Mallorca mit dem Auto: Kindersitz ab 3 Jahren empfohlen<\/title>\n<meta name=\"description\" content=\"Kindersitz ab 3 Jahren: Mit dem Auto sicher auf Mallorca fahren und familienfreundliche Aktivit\u00e4ten erleben. Mit unverzichtbaren Tipps!\" \/>\n<meta name=\"robots\" content=\"index, follow, max-snippet:-1, max-image-preview:large, max-video-preview:-1\" \/>\n<link rel=\"canonical\" href=\"https:\/\/rentalpanda.es\/en\/car-child-seat-from-age-3\/\" \/>\n<meta property=\"og:locale\" content=\"en_GB\" \/>\n<meta property=\"og:type\" content=\"article\" \/>\n<meta property=\"og:title\" content=\"Mallorca mit dem Auto: Kindersitz ab 3 Jahren empfohlen\" \/>\n<meta property=\"og:description\" content=\"Kindersitz ab 3 Jahren: Mit dem Auto sicher auf Mallorca fahren und familienfreundliche Aktivit\u00e4ten erleben. Mit unverzichtbaren Tipps!\" \/>\n<meta property=\"og:url\" content=\"https:\/\/rentalpanda.es\/en\/car-child-seat-from-age-3\/\" \/>\n<meta property=\"og:site_name\" content=\"RentalPanda.es\" \/>\n<meta property=\"article:publisher\" content=\"https:\/\/www.facebook.com\/rentalpandamallorca\" \/>\n<meta property=\"article:published_time\" content=\"2025-01-19T04:10:21+00:00\" \/>\n<meta property=\"article:modified_time\" content=\"2026-03-02T07:17:54+00:00\" \/>\n<meta property=\"og:image\" content=\"https:\/\/rentalpanda.es\/wp-content\/uploads\/2025\/01\/auto-kindersitz-ab-3-jahren.jpg\" \/>\n\t<meta property=\"og:image:width\" content=\"1000\" \/>\n\t<meta property=\"og:image:height\" content=\"667\" \/>\n\t<meta property=\"og:image:type\" content=\"image\/jpeg\" \/>\n<meta name=\"author\" content=\"rentalpanda\" \/>\n<meta name=\"twitter:card\" content=\"summary_large_image\" \/>\n<meta name=\"twitter:label1\" content=\"Written by\" \/>\n\t<meta name=\"twitter:data1\" content=\"rentalpanda\" \/>\n\t<meta name=\"twitter:label2\" content=\"Estimated reading time\" \/>\n\t<meta name=\"twitter:data2\" content=\"8 minutes\" \/>\n<script type=\"application\/ld+json\" class=\"yoast-schema-graph\">{\"@context\":\"https:\/\/schema.org\",\"@graph\":[{\"@type\":\"Article\",\"@id\":\"https:\/\/rentalpanda.es\/auto-kindersitz-ab-3-jahren\/#article\",\"isPartOf\":{\"@id\":\"https:\/\/rentalpanda.es\/auto-kindersitz-ab-3-jahren\/\"},\"author\":{\"name\":\"rentalpanda\",\"@id\":\"https:\/\/rentalpanda.es\/en\/#\/schema\/person\/da549bbd7f004e5c08bf3d1df1421606\"},\"headline\":\"Mallorca mit dem Auto: Kindersitz ab 3 Jahren empfohlen\",\"datePublished\":\"2025-01-19T04:10:21+00:00\",\"dateModified\":\"2026-03-02T07:17:54+00:00\",\"mainEntityOfPage\":{\"@id\":\"https:\/\/rentalpanda.es\/auto-kindersitz-ab-3-jahren\/\"},\"wordCount\":1639,\"commentCount\":0,\"publisher\":{\"@id\":\"https:\/\/rentalpanda.es\/en\/#organization\"},\"image\":{\"@id\":\"https:\/\/rentalpanda.es\/auto-kindersitz-ab-3-jahren\/#primaryimage\"},\"thumbnailUrl\":\"https:\/\/rentalpanda.es\/wp-content\/uploads\/2025\/01\/auto-kindersitz-ab-3-jahren.jpg\",\"keywords\":[\"autositz mieten\",\"kindersitz ab 3 jahren\",\"kindersitz auto\",\"kindersitz mieten\",\"kindersitz mieten mallorca\",\"kindersitz urlaub\",\"urlaub mallorca mit kindern\"],\"articleSection\":[\"Urlaubsartikel mieten\"],\"inLanguage\":\"en-GB\",\"potentialAction\":[{\"@type\":\"CommentAction\",\"name\":\"Comment\",\"target\":[\"https:\/\/rentalpanda.es\/auto-kindersitz-ab-3-jahren\/#respond\"]}]},{\"@type\":[\"WebPage\",\"FAQPage\"],\"@id\":\"https:\/\/rentalpanda.es\/auto-kindersitz-ab-3-jahren\/\",\"url\":\"https:\/\/rentalpanda.es\/auto-kindersitz-ab-3-jahren\/\",\"name\":\"Mallorca mit dem Auto: Kindersitz ab 3 Jahren empfohlen\",\"isPartOf\":{\"@id\":\"https:\/\/rentalpanda.es\/en\/#website\"},\"primaryImageOfPage\":{\"@id\":\"https:\/\/rentalpanda.es\/auto-kindersitz-ab-3-jahren\/#primaryimage\"},\"image\":{\"@id\":\"https:\/\/rentalpanda.es\/auto-kindersitz-ab-3-jahren\/#primaryimage\"},\"thumbnailUrl\":\"https:\/\/rentalpanda.es\/wp-content\/uploads\/2025\/01\/auto-kindersitz-ab-3-jahren.jpg\",\"datePublished\":\"2025-01-19T04:10:21+00:00\",\"dateModified\":\"2026-03-02T07:17:54+00:00\",\"description\":\"Kindersitz ab 3 Jahren: Mit dem Auto sicher auf Mallorca fahren und familienfreundliche Aktivit\u00e4ten erleben. Mit unverzichtbaren Tipps!\",\"breadcrumb\":{\"@id\":\"https:\/\/rentalpanda.es\/auto-kindersitz-ab-3-jahren\/#breadcrumb\"},\"mainEntity\":[{\"@id\":\"https:\/\/rentalpanda.es\/auto-kindersitz-ab-3-jahren\/#faq-question-1737257825152\"},{\"@id\":\"https:\/\/rentalpanda.es\/auto-kindersitz-ab-3-jahren\/#faq-question-1737257849509\"},{\"@id\":\"https:\/\/rentalpanda.es\/auto-kindersitz-ab-3-jahren\/#faq-question-1737257874540\"}],\"inLanguage\":\"en-GB\",\"potentialAction\":[{\"@type\":\"ReadAction\",\"target\":[\"https:\/\/rentalpanda.es\/auto-kindersitz-ab-3-jahren\/\"]}]},{\"@type\":\"ImageObject\",\"inLanguage\":\"en-GB\",\"@id\":\"https:\/\/rentalpanda.es\/auto-kindersitz-ab-3-jahren\/#primaryimage\",\"url\":\"https:\/\/rentalpanda.es\/wp-content\/uploads\/2025\/01\/auto-kindersitz-ab-3-jahren.jpg\",\"contentUrl\":\"https:\/\/rentalpanda.es\/wp-content\/uploads\/2025\/01\/auto-kindersitz-ab-3-jahren.jpg\",\"width\":1000,\"height\":667,\"caption\":\"auto-kindersitz-ab-3-jahren\"},{\"@type\":\"BreadcrumbList\",\"@id\":\"https:\/\/rentalpanda.es\/auto-kindersitz-ab-3-jahren\/#breadcrumb\",\"itemListElement\":[{\"@type\":\"ListItem\",\"position\":1,\"name\":\"Startseite\",\"item\":\"https:\/\/rentalpanda.es\/\"},{\"@type\":\"ListItem\",\"position\":2,\"name\":\"Mallorca mit dem Auto: Kindersitz ab 3 Jahren empfohlen\"}]},{\"@type\":\"WebSite\",\"@id\":\"https:\/\/rentalpanda.es\/en\/#website\",\"url\":\"https:\/\/rentalpanda.es\/en\/\",\"name\":\"RentalPanda.es\",\"description\":\"Baby, Beach &amp; Holiday Gear for Rent\",\"publisher\":{\"@id\":\"https:\/\/rentalpanda.es\/en\/#organization\"},\"potentialAction\":[{\"@type\":\"SearchAction\",\"target\":{\"@type\":\"EntryPoint\",\"urlTemplate\":\"https:\/\/rentalpanda.es\/en\/?s={search_term_string}\"},\"query-input\":{\"@type\":\"PropertyValueSpecification\",\"valueRequired\":true,\"valueName\":\"search_term_string\"}}],\"inLanguage\":\"en-GB\"},{\"@type\":\"Organization\",\"@id\":\"https:\/\/rentalpanda.es\/en\/#organization\",\"name\":\"Rentalpanda.es\",\"url\":\"https:\/\/rentalpanda.es\/en\/\",\"logo\":{\"@type\":\"ImageObject\",\"inLanguage\":\"en-GB\",\"@id\":\"https:\/\/rentalpanda.es\/en\/#\/schema\/logo\/image\/\",\"url\":\"https:\/\/rentalpanda.es\/wp-content\/uploads\/2017\/02\/rentalpanda-logo-webseite-end.png\",\"contentUrl\":\"https:\/\/rentalpanda.es\/wp-content\/uploads\/2017\/02\/rentalpanda-logo-webseite-end.png\",\"width\":260,\"height\":71,\"caption\":\"Rentalpanda.es\"},\"image\":{\"@id\":\"https:\/\/rentalpanda.es\/en\/#\/schema\/logo\/image\/\"},\"sameAs\":[\"https:\/\/www.facebook.com\/rentalpandamallorca\"]},{\"@type\":\"Person\",\"@id\":\"https:\/\/rentalpanda.es\/en\/#\/schema\/person\/da549bbd7f004e5c08bf3d1df1421606\",\"name\":\"rentalpanda\",\"image\":{\"@type\":\"ImageObject\",\"inLanguage\":\"en-GB\",\"@id\":\"https:\/\/rentalpanda.es\/en\/#\/schema\/person\/image\/\",\"url\":\"https:\/\/rentalpanda.es\/wp-content\/litespeed\/avatar\/4a21927017bb45e230ffe8bbf21ba94d.jpg?ver=1776912473\",\"contentUrl\":\"https:\/\/rentalpanda.es\/wp-content\/litespeed\/avatar\/4a21927017bb45e230ffe8bbf21ba94d.jpg?ver=1776912473\",\"caption\":\"rentalpanda\"}},{\"@type\":\"Question\",\"@id\":\"https:\/\/rentalpanda.es\/auto-kindersitz-ab-3-jahren\/#faq-question-1737257825152\",\"position\":1,\"url\":\"https:\/\/rentalpanda.es\/auto-kindersitz-ab-3-jahren\/#faq-question-1737257825152\",\"name\":\"Gibt es auf Mallorca Restaurants oder Caf\u00e9s, die speziell auf die Bed\u00fcrfnisse von Familien mit kleinen Kindern ausgerichtet sind?\",\"answerCount\":1,\"acceptedAnswer\":{\"@type\":\"Answer\",\"text\":\"Ja, Mallorca hat viele Restaurants und Caf\u00e9s, die familienfreundlich sind. Viele bieten Kindermen\u00fcs, Hochst\u00fchle und Spielbereiche an. Besonders in Touristenorten wie Alc\u00fadia oder Palma findet man Lokale, die speziell auf Familien eingestellt sind, mit einfachen, kindgerechten Gerichten wie Pasta oder Pizza sowie gesunden Optionen.\",\"inLanguage\":\"en-GB\"},\"inLanguage\":\"en-GB\"},{\"@type\":\"Question\",\"@id\":\"https:\/\/rentalpanda.es\/auto-kindersitz-ab-3-jahren\/#faq-question-1737257849509\",\"position\":2,\"url\":\"https:\/\/rentalpanda.es\/auto-kindersitz-ab-3-jahren\/#faq-question-1737257849509\",\"name\":\"Wie kann man den \u00f6ffentlichen Nahverkehr auf Mallorca mit kleinen Kindern nutzen?\",\"answerCount\":1,\"acceptedAnswer\":{\"@type\":\"Answer\",\"text\":\"Der \u00f6ffentliche Nahverkehr auf Mallorca ist relativ gut f\u00fcr Familien geeignet. Die Busse der TIB (Transport de les Illes Balears) sind mit Platz f\u00fcr Kinderwagen ausgestattet, und die meisten fahren regelm\u00e4\u00dfig. Es gibt auch spezielle Fahrpl\u00e4ne f\u00fcr Wochenenden und Feiertage. F\u00fcr l\u00e4ngere Strecken oder wenn man die Insel erkunden m\u00f6chte, sind aber oft Mietwagen oder Taxis praktischer, besonders mit einem Kindersitz von RentalPanda.\",\"inLanguage\":\"en-GB\"},\"inLanguage\":\"en-GB\"},{\"@type\":\"Question\",\"@id\":\"https:\/\/rentalpanda.es\/auto-kindersitz-ab-3-jahren\/#faq-question-1737257874540\",\"position\":3,\"url\":\"https:\/\/rentalpanda.es\/auto-kindersitz-ab-3-jahren\/#faq-question-1737257874540\",\"name\":\"Sind es auf Mallorca sichere Bedingungen f\u00fcr Kinder am Strand, oder muss man sich vor bestimmten Gefahren in Acht nehmen?\",\"answerCount\":1,\"acceptedAnswer\":{\"@type\":\"Answer\",\"text\":\"Die meisten Str\u00e4nde auf Mallorca sind sehr sicher f\u00fcr Kinder, besonders die bekanntesten familienfreundlichen Str\u00e4nde wie Es Trenc oder Alc\u00fadia, die flaches Wasser und Sand bieten. Dennoch sollten Eltern auf folgende Dinge achten: starke Sonnenstrahlung, Str\u00f6mungen im Meer, und man sollte darauf achten, dass Kinder nicht zu weit ins Wasser gehen. Es gibt auch Str\u00e4nde mit speziellen Sicherheitsma\u00dfnahmen wie Rettungsschwimmern oder kindersicheren Zonen.<br\/><br\/><strong>Fazit: <\/strong>Mit RentalPanda und dem passsenden Auto Kindersitz ab 3 Jahren habt ihr den perfekten Begleiter f\u00fcr euren Familienurlaub.\",\"inLanguage\":\"en-GB\"},\"inLanguage\":\"en-GB\"}]}<\/script>\n<!-- \/ Yoast SEO plugin. -->","yoast_head_json":{"title":"Mallorca by Car: Child Seat Recommended from Age 3","description":"Rent a child car seat for ages 3+ in Mallorca: Drive safely by car and enjoy family-friendly activities. With essential tips!","robots":{"index":"index","follow":"follow","max-snippet":"max-snippet:-1","max-image-preview":"max-image-preview:large","max-video-preview":"max-video-preview:-1"},"canonical":"https:\/\/rentalpanda.es\/en\/car-child-seat-from-age-3\/","og_locale":"en_GB","og_type":"article","og_title":"Mallorca mit dem Auto: Kindersitz ab 3 Jahren empfohlen","og_description":"Kindersitz ab 3 Jahren: Mit dem Auto sicher auf Mallorca fahren und familienfreundliche Aktivit\u00e4ten erleben. Mit unverzichtbaren Tipps!","og_url":"https:\/\/rentalpanda.es\/en\/car-child-seat-from-age-3\/","og_site_name":"RentalPanda.es","article_publisher":"https:\/\/www.facebook.com\/rentalpandamallorca","article_published_time":"2025-01-19T04:10:21+00:00","article_modified_time":"2026-03-02T07:17:54+00:00","og_image":[{"width":1000,"height":667,"url":"https:\/\/rentalpanda.es\/wp-content\/uploads\/2025\/01\/auto-kindersitz-ab-3-jahren.jpg","type":"image\/jpeg"}],"author":"rentalpanda","twitter_card":"summary_large_image","twitter_misc":{"Written by":"rentalpanda","Estimated reading time":"8 minutes"},"schema":{"@context":"https:\/\/schema.org","@graph":[{"@type":"Article","@id":"https:\/\/rentalpanda.es\/auto-kindersitz-ab-3-jahren\/#article","isPartOf":{"@id":"https:\/\/rentalpanda.es\/auto-kindersitz-ab-3-jahren\/"},"author":{"name":"rentalpanda","@id":"https:\/\/rentalpanda.es\/en\/#\/schema\/person\/da549bbd7f004e5c08bf3d1df1421606"},"headline":"Mallorca mit dem Auto: Kindersitz ab 3 Jahren empfohlen","datePublished":"2025-01-19T04:10:21+00:00","dateModified":"2026-03-02T07:17:54+00:00","mainEntityOfPage":{"@id":"https:\/\/rentalpanda.es\/auto-kindersitz-ab-3-jahren\/"},"wordCount":1639,"commentCount":0,"publisher":{"@id":"https:\/\/rentalpanda.es\/en\/#organization"},"image":{"@id":"https:\/\/rentalpanda.es\/auto-kindersitz-ab-3-jahren\/#primaryimage"},"thumbnailUrl":"https:\/\/rentalpanda.es\/wp-content\/uploads\/2025\/01\/auto-kindersitz-ab-3-jahren.jpg","keywords":["autositz mieten","kindersitz ab 3 jahren","kindersitz auto","kindersitz mieten","kindersitz mieten mallorca","kindersitz urlaub","urlaub mallorca mit kindern"],"articleSection":["Urlaubsartikel mieten"],"inLanguage":"en-GB","potentialAction":[{"@type":"CommentAction","name":"Comment","target":["https:\/\/rentalpanda.es\/auto-kindersitz-ab-3-jahren\/#respond"]}]},{"@type":["WebPage","FAQPage"],"@id":"https:\/\/rentalpanda.es\/auto-kindersitz-ab-3-jahren\/","url":"https:\/\/rentalpanda.es\/auto-kindersitz-ab-3-jahren\/","name":"Mallorca by Car: Child Seat Recommended from Age 3","isPartOf":{"@id":"https:\/\/rentalpanda.es\/en\/#website"},"primaryImageOfPage":{"@id":"https:\/\/rentalpanda.es\/auto-kindersitz-ab-3-jahren\/#primaryimage"},"image":{"@id":"https:\/\/rentalpanda.es\/auto-kindersitz-ab-3-jahren\/#primaryimage"},"thumbnailUrl":"https:\/\/rentalpanda.es\/wp-content\/uploads\/2025\/01\/auto-kindersitz-ab-3-jahren.jpg","datePublished":"2025-01-19T04:10:21+00:00","dateModified":"2026-03-02T07:17:54+00:00","description":"Rent a child car seat for ages 3+ in Mallorca: Drive safely by car and enjoy family-friendly activities. With essential tips!","breadcrumb":{"@id":"https:\/\/rentalpanda.es\/auto-kindersitz-ab-3-jahren\/#breadcrumb"},"mainEntity":[{"@id":"https:\/\/rentalpanda.es\/auto-kindersitz-ab-3-jahren\/#faq-question-1737257825152"},{"@id":"https:\/\/rentalpanda.es\/auto-kindersitz-ab-3-jahren\/#faq-question-1737257849509"},{"@id":"https:\/\/rentalpanda.es\/auto-kindersitz-ab-3-jahren\/#faq-question-1737257874540"}],"inLanguage":"en-GB","potentialAction":[{"@type":"ReadAction","target":["https:\/\/rentalpanda.es\/auto-kindersitz-ab-3-jahren\/"]}]},{"@type":"ImageObject","inLanguage":"en-GB","@id":"https:\/\/rentalpanda.es\/auto-kindersitz-ab-3-jahren\/#primaryimage","url":"https:\/\/rentalpanda.es\/wp-content\/uploads\/2025\/01\/auto-kindersitz-ab-3-jahren.jpg","contentUrl":"https:\/\/rentalpanda.es\/wp-content\/uploads\/2025\/01\/auto-kindersitz-ab-3-jahren.jpg","width":1000,"height":667,"caption":"auto-kindersitz-ab-3-jahren"},{"@type":"BreadcrumbList","@id":"https:\/\/rentalpanda.es\/auto-kindersitz-ab-3-jahren\/#breadcrumb","itemListElement":[{"@type":"ListItem","position":1,"name":"Startseite","item":"https:\/\/rentalpanda.es\/"},{"@type":"ListItem","position":2,"name":"Mallorca mit dem Auto: Kindersitz ab 3 Jahren empfohlen"}]},{"@type":"WebSite","@id":"https:\/\/rentalpanda.es\/en\/#website","url":"https:\/\/rentalpanda.es\/en\/","name":"RentalPanda.es","description":"Baby, Beach &amp; Holiday Gear for Rent","publisher":{"@id":"https:\/\/rentalpanda.es\/en\/#organization"},"potentialAction":[{"@type":"SearchAction","target":{"@type":"EntryPoint","urlTemplate":"https:\/\/rentalpanda.es\/en\/?s={search_term_string}"},"query-input":{"@type":"PropertyValueSpecification","valueRequired":true,"valueName":"search_term_string"}}],"inLanguage":"en-GB"},{"@type":"Organization","@id":"https:\/\/rentalpanda.es\/en\/#organization","name":"Rentalpanda.es","url":"https:\/\/rentalpanda.es\/en\/","logo":{"@type":"ImageObject","inLanguage":"en-GB","@id":"https:\/\/rentalpanda.es\/en\/#\/schema\/logo\/image\/","url":"https:\/\/rentalpanda.es\/wp-content\/uploads\/2017\/02\/rentalpanda-logo-webseite-end.png","contentUrl":"https:\/\/rentalpanda.es\/wp-content\/uploads\/2017\/02\/rentalpanda-logo-webseite-end.png","width":260,"height":71,"caption":"Rentalpanda.es"},"image":{"@id":"https:\/\/rentalpanda.es\/en\/#\/schema\/logo\/image\/"},"sameAs":["https:\/\/www.facebook.com\/rentalpandamallorca"]},{"@type":"Person","@id":"https:\/\/rentalpanda.es\/en\/#\/schema\/person\/da549bbd7f004e5c08bf3d1df1421606","name":"rentalpanda","image":{"@type":"ImageObject","inLanguage":"en-GB","@id":"https:\/\/rentalpanda.es\/en\/#\/schema\/person\/image\/","url":"https:\/\/rentalpanda.es\/wp-content\/litespeed\/avatar\/4a21927017bb45e230ffe8bbf21ba94d.jpg?ver=1776912473","contentUrl":"https:\/\/rentalpanda.es\/wp-content\/litespeed\/avatar\/4a21927017bb45e230ffe8bbf21ba94d.jpg?ver=1776912473","caption":"rentalpanda"}},{"@type":"Question","@id":"https:\/\/rentalpanda.es\/auto-kindersitz-ab-3-jahren\/#faq-question-1737257825152","position":1,"url":"https:\/\/rentalpanda.es\/auto-kindersitz-ab-3-jahren\/#faq-question-1737257825152","name":"Are there restaurants or caf\u00e9s in Mallorca tailored to the needs of families with young children?","answerCount":1,"acceptedAnswer":{"@type":"Answer","text":"Ja, Mallorca hat viele Restaurants und Caf\u00e9s, die familienfreundlich sind. Viele bieten Kindermen\u00fcs, Hochst\u00fchle und Spielbereiche an. Besonders in Touristenorten wie Alc\u00fadia oder Palma findet man Lokale, die speziell auf Familien eingestellt sind, mit einfachen, kindgerechten Gerichten wie Pasta oder Pizza sowie gesunden Optionen.","inLanguage":"en-GB"},"inLanguage":"en-GB"},{"@type":"Question","@id":"https:\/\/rentalpanda.es\/auto-kindersitz-ab-3-jahren\/#faq-question-1737257849509","position":2,"url":"https:\/\/rentalpanda.es\/auto-kindersitz-ab-3-jahren\/#faq-question-1737257849509","name":"How can you use public transport in Mallorca with young children?","answerCount":1,"acceptedAnswer":{"@type":"Answer","text":"Der \u00f6ffentliche Nahverkehr auf Mallorca ist relativ gut f\u00fcr Familien geeignet. Die Busse der TIB (Transport de les Illes Balears) sind mit Platz f\u00fcr Kinderwagen ausgestattet, und die meisten fahren regelm\u00e4\u00dfig. Es gibt auch spezielle Fahrpl\u00e4ne f\u00fcr Wochenenden und Feiertage. F\u00fcr l\u00e4ngere Strecken oder wenn man die Insel erkunden m\u00f6chte, sind aber oft Mietwagen oder Taxis praktischer, besonders mit einem Kindersitz von RentalPanda.","inLanguage":"en-GB"},"inLanguage":"en-GB"},{"@type":"Question","@id":"https:\/\/rentalpanda.es\/auto-kindersitz-ab-3-jahren\/#faq-question-1737257874540","position":3,"url":"https:\/\/rentalpanda.es\/auto-kindersitz-ab-3-jahren\/#faq-question-1737257874540","name":"Are the beach conditions in Mallorca safe for children, or are there specific dangers to watch out for?","answerCount":1,"acceptedAnswer":{"@type":"Answer","text":"Die meisten Str\u00e4nde auf Mallorca sind sehr sicher f\u00fcr Kinder, besonders die bekanntesten familienfreundlichen Str\u00e4nde wie Es Trenc oder Alc\u00fadia, die flaches Wasser und Sand bieten. Dennoch sollten Eltern auf folgende Dinge achten: starke Sonnenstrahlung, Str\u00f6mungen im Meer, und man sollte darauf achten, dass Kinder nicht zu weit ins Wasser gehen. Es gibt auch Str\u00e4nde mit speziellen Sicherheitsma\u00dfnahmen wie Rettungsschwimmern oder kindersicheren Zonen.<br\/><br\/><strong>Fazit: <\/strong>Mit RentalPanda und dem passsenden Auto Kindersitz ab 3 Jahren habt ihr den perfekten Begleiter f\u00fcr euren Familienurlaub.","inLanguage":"en-GB"},"inLanguage":"en-GB"}]}},"_links":{"self":[{"href":"https:\/\/rentalpanda.es\/en\/wp-json\/wp\/v2\/posts\/18968","targetHints":{"allow":["GET"]}}],"collection":[{"href":"https:\/\/rentalpanda.es\/en\/wp-json\/wp\/v2\/posts"}],"about":[{"href":"https:\/\/rentalpanda.es\/en\/wp-json\/wp\/v2\/types\/post"}],"author":[{"embeddable":true,"href":"https:\/\/rentalpanda.es\/en\/wp-json\/wp\/v2\/users\/1"}],"replies":[{"embeddable":true,"href":"https:\/\/rentalpanda.es\/en\/wp-json\/wp\/v2\/comments?post=18968"}],"version-history":[{"count":16,"href":"https:\/\/rentalpanda.es\/en\/wp-json\/wp\/v2\/posts\/18968\/revisions"}],"predecessor-version":[{"id":23227,"href":"https:\/\/rentalpanda.es\/en\/wp-json\/wp\/v2\/posts\/18968\/revisions\/23227"}],"wp:featuredmedia":[{"embeddable":true,"href":"https:\/\/rentalpanda.es\/en\/wp-json\/wp\/v2\/media\/18973"}],"wp:attachment":[{"href":"https:\/\/rentalpanda.es\/en\/wp-json\/wp\/v2\/media?parent=18968"}],"wp:term":[{"taxonomy":"category","embeddable":true,"href":"https:\/\/rentalpanda.es\/en\/wp-json\/wp\/v2\/categories?post=18968"},{"taxonomy":"post_tag","embeddable":true,"href":"https:\/\/rentalpanda.es\/en\/wp-json\/wp\/v2\/tags?post=18968"}],"curies":[{"name":"wp","href":"https:\/\/api.w.org\/{rel}","templated":true}]}}