{"id":18028,"date":"2024-09-04T02:21:48","date_gmt":"2024-09-04T02:21:48","guid":{"rendered":"https:\/\/rentalpanda.es\/?p=18028"},"modified":"2026-03-02T07:34:43","modified_gmt":"2026-03-02T07:34:43","slug":"car-hire-mallorca-child-seat","status":"publish","type":"post","link":"https:\/\/rentalpanda.es\/en\/mietwagen-mallorca-kindersitz\/","title":{"rendered":"Car Hire Mallorca: Is a Child Seat Mandatory?"},"content":{"rendered":"<p>Did you know that 80% of car hire companies in Mallorca do not provide a child seat as standard in their rental cars? This surprising fact highlights how important it is to familiarise yourself with the regulations regarding child seats in Mallorca before you travel. <\/p>\n\n\n\n<p>In this article, you\u2019ll find out everything you need to know about the child seat requirements for rental cars on the island. And more! Let\u2019s get started!<\/p>\n\n\n\n<h3 class=\"wp-block-heading\">Key takeaways<\/h3>\n\n\n\n<ul class=\"wp-block-list\">\n<li>80% of car hire providers in Mallorca do not include a child seat as standard.<\/li>\n\n\n\n<li>Auf Mallorca ist es Pflicht, Kinder bis 135 cm K\u00f6rpergr\u00f6\u00dfe und <a href=\"https:\/\/rentalpanda.es\/en\/car-child-seat-from-age-3\/\">aged 3 years or older<\/a> in an appropriate child seat.<\/li>\n\n\n\n<li>Check the applicable child seat regulations BEFORE you travel.<\/li>\n\n\n\n<li>Choose the correct child seat for your child\u2019s age and size.<\/li>\n\n\n\n<li>Verify before taking possession of the rental car whether a child seat is provided \u2013 alternatively, rent one from RentalPanda.<\/li>\n<\/ul>\n\n\n\n<p><\/p>\n\n\n\n<p>\ud83d\udc49 <strong>DON\u2019T FORGET <a href=\"https:\/\/rentalpanda.es\/en\/product\/car-seat-for-children-9-36kg\/\">: Affordable child seat hire<\/a> or a <a href=\"https:\/\/rentalpanda.es\/en\/rent-pushchair-on-holiday\/\">Rent a Pram<\/a> in Mallorca with RentalPanda!<\/strong><\/p>\n\n\n<div class=\"wp-block-image is-style-rounded\">\n<figure class=\"aligncenter size-full\"><img decoding=\"async\" width=\"500\" height=\"329\" src=\"https:\/\/rentalpanda.es\/wp-content\/uploads\/2024\/09\/mietwagen_mallorca_kindersitz.jpg\" alt=\"\" class=\"wp-image-18069\" srcset=\"https:\/\/rentalpanda.es\/wp-content\/uploads\/2024\/09\/mietwagen_mallorca_kindersitz.jpg 500w, https:\/\/rentalpanda.es\/wp-content\/uploads\/2024\/09\/mietwagen_mallorca_kindersitz-400x263.jpg 400w\" sizes=\"(max-width: 500px) 100vw, 500px\" \/><\/figure>\n<\/div>\n\n\n<div style=\"height:25px\" aria-hidden=\"true\" class=\"wp-block-spacer\"><\/div>\n\n\n\n<h2 class=\"wp-block-heading\">Child Seat for the Rental Car: What\u2019s Important<\/h2>\n\n\n\n<p>As parents, we want to ensure our children are safe at all times during our holiday. This is particularly crucial when travelling around the beautiful Balearic Island in a hired car. Therefore, it\u2019s important to know: in Mallorca, a <strong>child seat in a rental car<\/strong> <strong>is legally required.<\/strong>This is the best way to protect our little travellers.<\/p>\n\n\n\n<p><strong>\ud83d\udc49<\/strong> <strong><a href=\"https:\/\/rentalpanda.es\/en\/hiking-mallorca-best-trails\/\">Hiking in Mallorca: 12 Spectacular Hiking Trails to Explore<\/a><\/strong><\/p>\n\n\n\n<p><\/p>\n\n\n\n<h3 class=\"wp-block-heading\">Why a Child Seat in a Rental Car in Mallorca is Necessary<\/h3>\n\n\n\n<p>Foldable <strong>child seat in Mallorca<\/strong> is not only a legal requirement but also absolutely essential for your child\u2019s safety. In an emergency, a child seat significantly reduces the risk of injury.<\/p>\n\n\n\n<p><strong>\ud83d\udc49 <\/strong>Du m\u00f6chtest mehr \u00fcber die<strong> <a href=\"https:\/\/rentalpanda.es\/en\/mallorca-water-temperature\/\">WATER TEMPERATURE<\/a><\/strong> in Mallorca?<\/p>\n\n\n\n<h3 class=\"wp-block-heading\">Overview of the Regulations in Mallorca<\/h3>\n\n\n\n<p>Children must use a child seat in Mallorca until they are 12 years old or reach 150 cm in height. For taller children, a <strong><a href=\"https:\/\/rentalpanda.es\/en\/product\/booster-seat-for-the-car\/\">car booster seat<\/a><\/strong> may also be suitable. The size and weight of the child determine the appropriate seat. Whether you opt for Isofix or not is generally up to you. You\u2019ll find more details about the rules in the next section.<\/p>\n\n\n\n<figure class=\"wp-block-embed is-type-video is-provider-youtube wp-block-embed-youtube wp-embed-aspect-16-9 wp-has-aspect-ratio\"><div class=\"wp-block-embed__wrapper\">\nhttps:\/\/youtube.com\/watch?v=rWKKPdXHNNk\n<\/div><\/figure>\n\n\n\n<div style=\"height:25px\" aria-hidden=\"true\" class=\"wp-block-spacer\"><\/div>\n\n\n\n<h2 class=\"wp-block-heading\">Car Hire in Mallorca: Child Seat Options<\/h2>\n\n\n\n<p>When booking a <strong>rental car in Mallorca<\/strong> and travelling with children, you must arrange for an appropriate car seat, which is legally required in Spain. Here\u2019s where you can <strong>Rent Child Car Seat<\/strong> kannst und welche Optionen es gibt, erf\u00e4hrst du hier:<\/p>\n\n\n\n<p><strong><strong>\ud83d\udc49<\/strong><\/strong> <strong><a href=\"https:\/\/rentalpanda.es\/en\/baby-car-seat-hire-mallorca\/\">Should You Hire a Baby Car Seat in Mallorca or Bring Your Own?<\/a><\/strong><\/p>\n\n\n\n<ul class=\"wp-block-list\">\n<li>Many <strong>car hire companies in Mallorca<\/strong> offer child seats along with the rental car. Issue: Outdated seats, high daily rental costs.<\/li>\n\n\n\n<li>With <strong>RentalPanda<\/strong> you can select the child seat before booking the car. <\/li>\n\n\n\n<li>Advantage: New or nearly new seats, affordable daily rental price (from \u20ac4.50\/day). The child seat is delivered to the car hire location.<\/li>\n<\/ul>\n\n\n\n<p><\/p>\n\n\n\n<p><strong>\ud83d\udc49 <\/strong>GUTE PLANUNG: Spannende Orte auf unserer<strong> <a href=\"https:\/\/rentalpanda.es\/en\/mallorca-map\/\">MALLORCA MAP<\/a> <\/strong>now!<\/p>\n\n\n\n<p><strong>Different Child Seat Options<\/strong><\/p>\n\n\n\n<ol class=\"wp-block-list\">\n<li>Baby seats for newborns and infants.<\/li>\n\n\n\n<li>Booster seats for various sizes.<\/li>\n\n\n\n<li>Child seats with Isofix attachment for added safety.<\/li>\n<\/ol>\n\n\n\n<p>Choosing <strong>the right child seat<\/strong> makes your holiday safer and more relaxed. Be sure to inform yourself early to find the best solution for your family.<\/p>\n\n\n<div class=\"wp-block-image is-style-rounded\">\n<figure class=\"aligncenter size-full\"><img decoding=\"async\" width=\"500\" height=\"334\" src=\"https:\/\/rentalpanda.es\/wp-content\/uploads\/2024\/09\/mietwagen-kindersitz-mallorca.jpg\" alt=\"mietwagen_kindersitz_mallorca\" class=\"wp-image-18094\" srcset=\"https:\/\/rentalpanda.es\/wp-content\/uploads\/2024\/09\/mietwagen-kindersitz-mallorca.jpg 500w, https:\/\/rentalpanda.es\/wp-content\/uploads\/2024\/09\/mietwagen-kindersitz-mallorca-400x267.jpg 400w\" sizes=\"(max-width: 500px) 100vw, 500px\" \/><\/figure>\n<\/div>\n\n\n<div style=\"height:30px\" aria-hidden=\"true\" class=\"wp-block-spacer\"><\/div>\n\n\n\n<p><strong>&gt;&gt; Also interesting:<\/strong> <strong><a href=\"https:\/\/rentalpanda.es\/en\/flight-time-to-mallorca\/\">How long is the flight to Mallorca?<\/a><\/strong><\/p>\n\n\n\n<div style=\"height:25px\" aria-hidden=\"true\" class=\"wp-block-spacer\"><\/div>\n\n\n\n<h2 class=\"wp-block-heading\">Tips for Choosing the Right Child Seat<\/h2>\n\n\n\n<p>When <strong>booking, renting, or buying a child seat in Mallorca,<\/strong> it\u2019s crucial to consider the correct size and weight of your little one. Here are some helpful tips to find the perfect seat for your family:<\/p>\n\n\n\n<h3 class=\"wp-block-heading\">Age-Appropriate Size and Weight<\/h3>\n\n\n\n<p>Children grow quickly, so it\u2019s essential to choose a child seat that matches your child\u2019s age and weight. Pay attention to the age recommendations and weight limits of different models. This ensures the car seat provides optimal protection for your child.<\/p>\n\n\n\n<figure class=\"wp-block-table\"><table><tbody><tr><th>Age<\/th><th>Weight<\/th><th>Recommended Child Seat<\/th><\/tr><tr><td>Up to 15 months<\/td><td>Up to 13 kg<\/td><td>Baby Car Seat<\/td><\/tr><tr><td>9 months - 4 years<\/td><td>9 - 18 kg<\/td><td>Group 1 Child Seat<\/td><\/tr><tr><td>4 - 12 years<\/td><td>15 - 36 kg<\/td><td>Group 2\/3 Child Seat<\/td><\/tr><\/tbody><\/table><\/figure>\n\n\n\n<blockquote class=\"wp-block-quote is-layout-flow wp-block-quote-is-layout-flow\">\n<p><strong>Also Note That Many Child Seats Are Height-Adjustable!<\/strong><\/p>\n<\/blockquote>\n\n\n\n<h2 class=\"wp-block-heading\">Isofix or Standard Child Seat: Both Are Fine in Mallorca!<\/h2>\n\n\n\n<p>In Mallorca, parents often wonder whether they should use an <a href=\"https:\/\/zaubereltern.de\/kindersitze\/was-ist-isofix-alles-ueber-das-kindersitz-befestigungssystem\/\">Isofix Child Seat<\/a> or a standard child seat secured with the vehicle\u2019s seatbelt.<\/p>\n\n\n\n<p><strong>\ud83d\udc49 <\/strong>Do You Want To<strong> <a href=\"https:\/\/rentalpanda.es\/en\/driving-to-mallorca\/\">DRIVE TO MALLORCA WITH YOUR CAR<\/a><\/strong> ?<\/p>\n\n\n\n<p><strong>Isofix Child Seat:<\/strong><br>Advantages:<\/p>\n\n\n\n<ul class=\"wp-block-list\">\n<li>Quick and easy installation, as the seat connects directly to the vehicle\u2019s frame.<\/li>\n\n\n\n<li>Reduces the risk of incorrect installation, enhancing child safety.<\/li>\n\n\n\n<li>Generally provides a more stable attachment.<\/li>\n<\/ul>\n\n\n\n<p><\/p>\n\n\n\n<p>Disadvantages:<\/p>\n\n\n\n<ul class=\"wp-block-list\">\n<li>Not all rental cars are equipped with Isofix, which may limit its use.<\/li>\n\n\n\n<li>Isofix seats are often more expensive and heavier than standard seats.<\/li>\n<\/ul>\n\n\n\n<p><\/p>\n\n\n\n<p><strong>Standard Child Seat:<\/strong><br>Advantages:<\/p>\n\n\n\n<ul class=\"wp-block-list\">\n<li>Universal compatibility, as all vehicles have seatbelts.<\/li>\n\n\n\n<li>More flexible, as the seat can easily be used in different vehicles.<\/li>\n\n\n\n<li>Typically lighter and more affordable.<\/li>\n<\/ul>\n\n\n\n<p><\/p>\n\n\n\n<p>Disadvantages:<\/p>\n\n\n\n<ul class=\"wp-block-list\">\n<li>Installation can be more complex and requires extra care to ensure the seat is properly secured.<\/li>\n\n\n\n<li>Less stable than Isofix, particularly during sudden braking.<\/li>\n<\/ul>\n\n\n\n<p><\/p>\n\n\n\n<p><strong>\ud83d\udc49 In Mallorca: <a href=\"https:\/\/rentalpanda.es\/en\/where-to-hire-child-car-seats\/\">Where can you hire child car seats<\/a>?<\/strong><\/p>\n\n\n<div class=\"wp-block-image is-style-rounded\">\n<figure class=\"aligncenter size-full\"><img decoding=\"async\" width=\"400\" height=\"266\" src=\"https:\/\/rentalpanda.es\/wp-content\/uploads\/2024\/09\/kindersitz_mieten_mallorca.jpg\" alt=\"kindersitz-miete-mallorca\" class=\"wp-image-18091\"\/><\/figure>\n<\/div>\n\n\n<blockquote class=\"wp-block-quote is-layout-flow wp-block-quote-is-layout-flow\">\n<p><strong>\"Choose a child seat that offers your child optimal protection while being comfortable and safe.\"<\/strong><\/p>\n<\/blockquote>\n\n\n\n<h2 class=\"wp-block-heading\">Conclusion<\/h2>\n\n\n\n<p>A child seat is essential when using a rental car in Mallorca, and above all, it is legally required! Make sure to select the right seat for your child before travelling \u2013 <strong>CAUTION: It is not possible to pre-select a specific child seat (model, brand, quality, etc.) with most car hire companies in Mallorca.<\/strong><\/p>\n\n\n\n<p>It\u2019s different with RentalPanda: Here, you can choose from various <strong><a href=\"https:\/\/rentalpanda.es\/en\/product-category\/products-to-rent\/baby-child\/car-seats\/\">Child Seat Models<\/a><\/strong> !<\/p>\n\n\n\n<p>In general, a rental car with a child seat is a great way to explore Mallorca. However, ensure the seat matches your child\u2019s age and weight. This way, you and your little one will always travel safely and comfortably. With the right child seat, you can fully enjoy Mallorca and create wonderful memories.<\/p>\n\n\n\n<h2 class=\"wp-block-heading\">FAQ<\/h2>\n\n\n\n<h3 class=\"wp-block-heading\">Is a child seat mandatory in Mallorca?<\/h3>\n\n\n\n<p>Yes, a child seat is mandatory and legally required in Mallorca. <\/p>\n\n\n\n<h3 class=\"wp-block-heading\">Where can I rent a child seat for my Mallorca rental car?<\/h3>\n\n\n\n<p>Car hire companies in Mallorca offer child seats for rent, but they are often of poor quality and overpriced. Check in advance whether a seat is included in the price or needs to be booked separately. <\/p>\n\n\n\n<h3 class=\"wp-block-heading\">What should I consider when choosing the right child seat?<\/h3>\n\n\n\n<p>Pay attention to the correct size and weight of your child and inform yourself about the regulations regarding age, height, and weight.<\/p>\n\n\n\n<h3 class=\"wp-block-heading\">Can I bring my own child seat?<\/h3>\n\n\n\n<p>Yes, this is possible. Ensure the seat complies with safety regulations and is securely installed in the rental car.<\/p>\n\n\n\n<h3 class=\"wp-block-heading\">Where can I find more information about child seats in Mallorca?<\/h3>\n\n\n\n<p>For more details, visit the RentalPanda website (rentalpanda.es). You\u2019ll find all the child seats available for your Mallorca rental car.<\/p>\n\n\n\n<p><\/p>","protected":false},"excerpt":{"rendered":"<p>Wusstest du, dass 80% der Autovermieter auf Mallorca keinen Kindersitz standardm\u00e4\u00dfig in den Mietwagen bereitstellen? Diese \u00fcberraschende Tatsache zeigt, wie wichtig es ist, dass du dich vor Reiseantritt mit den Bestimmungen zur Mitnahme von Kindersitzen auf Mallorca vertraut machst. In diesem Artikel erf\u00e4hrst du alles, was du \u00fcber die Kindersitzpflicht beim Mietwagen auf der Insel [&hellip;]<\/p>\n","protected":false},"author":1,"featured_media":18072,"comment_status":"open","ping_status":"closed","sticky":false,"template":"","format":"standard","meta":{"footnotes":""},"categories":[512],"tags":[950,1029,1031,1032],"class_list":["post-18028","post","type-post","status-publish","format-standard","has-post-thumbnail","hentry","category-urlaubsartikel-mieten","tag-kindersitz-mieten-mallorca","tag-kindersitz-urlaub","tag-mietwagen-mallorca-kindersitz","tag-mietwagen-mallorca-kindersitz-pflicht"],"featured_image_src":{"landsacpe":["https:\/\/rentalpanda.es\/wp-content\/uploads\/2024\/09\/mallorca_mietwagen_kindersitz-1001x445.jpeg",1001,445,true],"list":["https:\/\/rentalpanda.es\/wp-content\/uploads\/2024\/09\/mallorca_mietwagen_kindersitz-463x348.jpeg",463,348,true],"medium":["https:\/\/rentalpanda.es\/wp-content\/uploads\/2024\/09\/mallorca_mietwagen_kindersitz-300x175.jpeg",300,175,true],"full":["https:\/\/rentalpanda.es\/wp-content\/uploads\/2024\/09\/mallorca_mietwagen_kindersitz.jpeg",1001,585,false]},"yoast_head":"<!-- This site is optimized with the Yoast SEO plugin v27.1.1 - https:\/\/yoast.com\/product\/yoast-seo-wordpress\/ -->\n<title>Mietwagen Mallorca: Ist der Kindersitz Pflicht? RentalPanda.es<\/title>\n<meta name=\"description\" content=\"Mietwagen auf Mallorca: Kindersitzpflicht? Alles Wichtige zur Sicherheit von Kindern im Mallorca-Mietauto + die g\u00fcnstigsten Optionen!\" \/>\n<meta name=\"robots\" content=\"index, follow, max-snippet:-1, max-image-preview:large, max-video-preview:-1\" \/>\n<link rel=\"canonical\" href=\"https:\/\/rentalpanda.es\/en\/car-hire-mallorca-child-seat\/\" \/>\n<meta property=\"og:locale\" content=\"en_GB\" \/>\n<meta property=\"og:type\" content=\"article\" \/>\n<meta property=\"og:title\" content=\"Mietwagen Mallorca: Ist der Kindersitz Pflicht? RentalPanda.es\" \/>\n<meta property=\"og:description\" content=\"Mietwagen auf Mallorca: Kindersitzpflicht? Alles Wichtige zur Sicherheit von Kindern im Mallorca-Mietauto + die g\u00fcnstigsten Optionen!\" \/>\n<meta property=\"og:url\" content=\"https:\/\/rentalpanda.es\/en\/car-hire-mallorca-child-seat\/\" \/>\n<meta property=\"og:site_name\" content=\"RentalPanda.es\" \/>\n<meta property=\"article:publisher\" content=\"https:\/\/www.facebook.com\/rentalpandamallorca\" \/>\n<meta property=\"article:published_time\" content=\"2024-09-04T02:21:48+00:00\" \/>\n<meta property=\"article:modified_time\" content=\"2026-03-02T07:34:43+00:00\" \/>\n<meta property=\"og:image\" content=\"https:\/\/rentalpanda.es\/wp-content\/uploads\/2024\/09\/mallorca_mietwagen_kindersitz.jpeg\" \/>\n\t<meta property=\"og:image:width\" content=\"1001\" \/>\n\t<meta property=\"og:image:height\" content=\"585\" \/>\n\t<meta property=\"og:image:type\" content=\"image\/jpeg\" \/>\n<meta name=\"author\" content=\"rentalpanda\" \/>\n<meta name=\"twitter:card\" content=\"summary_large_image\" \/>\n<meta name=\"twitter:label1\" content=\"Written by\" \/>\n\t<meta name=\"twitter:data1\" content=\"rentalpanda\" \/>\n\t<meta name=\"twitter:label2\" content=\"Estimated reading time\" \/>\n\t<meta name=\"twitter:data2\" content=\"6 minutes\" \/>\n<script type=\"application\/ld+json\" class=\"yoast-schema-graph\">{\"@context\":\"https:\/\/schema.org\",\"@graph\":[{\"@type\":\"Article\",\"@id\":\"https:\/\/rentalpanda.es\/mietwagen-mallorca-kindersitz\/#article\",\"isPartOf\":{\"@id\":\"https:\/\/rentalpanda.es\/mietwagen-mallorca-kindersitz\/\"},\"author\":{\"name\":\"rentalpanda\",\"@id\":\"https:\/\/rentalpanda.es\/en\/#\/schema\/person\/da549bbd7f004e5c08bf3d1df1421606\"},\"headline\":\"Mietwagen Mallorca: Ist der Kindersitz Pflicht?\",\"datePublished\":\"2024-09-04T02:21:48+00:00\",\"dateModified\":\"2026-03-02T07:34:43+00:00\",\"mainEntityOfPage\":{\"@id\":\"https:\/\/rentalpanda.es\/mietwagen-mallorca-kindersitz\/\"},\"wordCount\":1123,\"commentCount\":0,\"publisher\":{\"@id\":\"https:\/\/rentalpanda.es\/en\/#organization\"},\"image\":{\"@id\":\"https:\/\/rentalpanda.es\/mietwagen-mallorca-kindersitz\/#primaryimage\"},\"thumbnailUrl\":\"https:\/\/rentalpanda.es\/wp-content\/uploads\/2024\/09\/mallorca_mietwagen_kindersitz.jpeg\",\"keywords\":[\"kindersitz mieten mallorca\",\"kindersitz urlaub\",\"mietwagen mallorca kindersitz\",\"mietwagen mallorca kindersitz pflicht\"],\"articleSection\":[\"Urlaubsartikel mieten\"],\"inLanguage\":\"en-GB\",\"potentialAction\":[{\"@type\":\"CommentAction\",\"name\":\"Comment\",\"target\":[\"https:\/\/rentalpanda.es\/mietwagen-mallorca-kindersitz\/#respond\"]}]},{\"@type\":\"WebPage\",\"@id\":\"https:\/\/rentalpanda.es\/mietwagen-mallorca-kindersitz\/\",\"url\":\"https:\/\/rentalpanda.es\/mietwagen-mallorca-kindersitz\/\",\"name\":\"Mietwagen Mallorca: Ist der Kindersitz Pflicht? RentalPanda.es\",\"isPartOf\":{\"@id\":\"https:\/\/rentalpanda.es\/en\/#website\"},\"primaryImageOfPage\":{\"@id\":\"https:\/\/rentalpanda.es\/mietwagen-mallorca-kindersitz\/#primaryimage\"},\"image\":{\"@id\":\"https:\/\/rentalpanda.es\/mietwagen-mallorca-kindersitz\/#primaryimage\"},\"thumbnailUrl\":\"https:\/\/rentalpanda.es\/wp-content\/uploads\/2024\/09\/mallorca_mietwagen_kindersitz.jpeg\",\"datePublished\":\"2024-09-04T02:21:48+00:00\",\"dateModified\":\"2026-03-02T07:34:43+00:00\",\"description\":\"Mietwagen auf Mallorca: Kindersitzpflicht? Alles Wichtige zur Sicherheit von Kindern im Mallorca-Mietauto + die g\u00fcnstigsten Optionen!\",\"breadcrumb\":{\"@id\":\"https:\/\/rentalpanda.es\/mietwagen-mallorca-kindersitz\/#breadcrumb\"},\"inLanguage\":\"en-GB\",\"potentialAction\":[{\"@type\":\"ReadAction\",\"target\":[\"https:\/\/rentalpanda.es\/mietwagen-mallorca-kindersitz\/\"]}]},{\"@type\":\"ImageObject\",\"inLanguage\":\"en-GB\",\"@id\":\"https:\/\/rentalpanda.es\/mietwagen-mallorca-kindersitz\/#primaryimage\",\"url\":\"https:\/\/rentalpanda.es\/wp-content\/uploads\/2024\/09\/mallorca_mietwagen_kindersitz.jpeg\",\"contentUrl\":\"https:\/\/rentalpanda.es\/wp-content\/uploads\/2024\/09\/mallorca_mietwagen_kindersitz.jpeg\",\"width\":1001,\"height\":585,\"caption\":\"mallorca_mietwagen_kindersitz\"},{\"@type\":\"BreadcrumbList\",\"@id\":\"https:\/\/rentalpanda.es\/mietwagen-mallorca-kindersitz\/#breadcrumb\",\"itemListElement\":[{\"@type\":\"ListItem\",\"position\":1,\"name\":\"Startseite\",\"item\":\"https:\/\/rentalpanda.es\/\"},{\"@type\":\"ListItem\",\"position\":2,\"name\":\"Mietwagen Mallorca: Ist der Kindersitz Pflicht?\"}]},{\"@type\":\"WebSite\",\"@id\":\"https:\/\/rentalpanda.es\/en\/#website\",\"url\":\"https:\/\/rentalpanda.es\/en\/\",\"name\":\"RentalPanda.es\",\"description\":\"Baby, Beach &amp; Holiday Gear for Rent\",\"publisher\":{\"@id\":\"https:\/\/rentalpanda.es\/en\/#organization\"},\"potentialAction\":[{\"@type\":\"SearchAction\",\"target\":{\"@type\":\"EntryPoint\",\"urlTemplate\":\"https:\/\/rentalpanda.es\/en\/?s={search_term_string}\"},\"query-input\":{\"@type\":\"PropertyValueSpecification\",\"valueRequired\":true,\"valueName\":\"search_term_string\"}}],\"inLanguage\":\"en-GB\"},{\"@type\":\"Organization\",\"@id\":\"https:\/\/rentalpanda.es\/en\/#organization\",\"name\":\"Rentalpanda.es\",\"url\":\"https:\/\/rentalpanda.es\/en\/\",\"logo\":{\"@type\":\"ImageObject\",\"inLanguage\":\"en-GB\",\"@id\":\"https:\/\/rentalpanda.es\/en\/#\/schema\/logo\/image\/\",\"url\":\"https:\/\/rentalpanda.es\/wp-content\/uploads\/2017\/02\/rentalpanda-logo-webseite-end.png\",\"contentUrl\":\"https:\/\/rentalpanda.es\/wp-content\/uploads\/2017\/02\/rentalpanda-logo-webseite-end.png\",\"width\":260,\"height\":71,\"caption\":\"Rentalpanda.es\"},\"image\":{\"@id\":\"https:\/\/rentalpanda.es\/en\/#\/schema\/logo\/image\/\"},\"sameAs\":[\"https:\/\/www.facebook.com\/rentalpandamallorca\"]},{\"@type\":\"Person\",\"@id\":\"https:\/\/rentalpanda.es\/en\/#\/schema\/person\/da549bbd7f004e5c08bf3d1df1421606\",\"name\":\"rentalpanda\",\"image\":{\"@type\":\"ImageObject\",\"inLanguage\":\"en-GB\",\"@id\":\"https:\/\/rentalpanda.es\/en\/#\/schema\/person\/image\/\",\"url\":\"https:\/\/rentalpanda.es\/wp-content\/litespeed\/avatar\/4a21927017bb45e230ffe8bbf21ba94d.jpg?ver=1776912473\",\"contentUrl\":\"https:\/\/rentalpanda.es\/wp-content\/litespeed\/avatar\/4a21927017bb45e230ffe8bbf21ba94d.jpg?ver=1776912473\",\"caption\":\"rentalpanda\"}}]}<\/script>\n<!-- \/ Yoast SEO plugin. -->","yoast_head_json":{"title":"Mallorca Car Hire: Is a Child Seat Mandatory?","description":"Car Rental in Mallorca: Child Seat Required? Essential Guide to Child Safety in Mallorca Hire Cars + the Cheapest Options!","robots":{"index":"index","follow":"follow","max-snippet":"max-snippet:-1","max-image-preview":"max-image-preview:large","max-video-preview":"max-video-preview:-1"},"canonical":"https:\/\/rentalpanda.es\/en\/car-hire-mallorca-child-seat\/","og_locale":"en_GB","og_type":"article","og_title":"Mietwagen Mallorca: Ist der Kindersitz Pflicht? RentalPanda.es","og_description":"Mietwagen auf Mallorca: Kindersitzpflicht? Alles Wichtige zur Sicherheit von Kindern im Mallorca-Mietauto + die g\u00fcnstigsten Optionen!","og_url":"https:\/\/rentalpanda.es\/en\/car-hire-mallorca-child-seat\/","og_site_name":"RentalPanda.es","article_publisher":"https:\/\/www.facebook.com\/rentalpandamallorca","article_published_time":"2024-09-04T02:21:48+00:00","article_modified_time":"2026-03-02T07:34:43+00:00","og_image":[{"width":1001,"height":585,"url":"https:\/\/rentalpanda.es\/wp-content\/uploads\/2024\/09\/mallorca_mietwagen_kindersitz.jpeg","type":"image\/jpeg"}],"author":"rentalpanda","twitter_card":"summary_large_image","twitter_misc":{"Written by":"rentalpanda","Estimated reading time":"6 minutes"},"schema":{"@context":"https:\/\/schema.org","@graph":[{"@type":"Article","@id":"https:\/\/rentalpanda.es\/mietwagen-mallorca-kindersitz\/#article","isPartOf":{"@id":"https:\/\/rentalpanda.es\/mietwagen-mallorca-kindersitz\/"},"author":{"name":"rentalpanda","@id":"https:\/\/rentalpanda.es\/en\/#\/schema\/person\/da549bbd7f004e5c08bf3d1df1421606"},"headline":"Mietwagen Mallorca: Ist der Kindersitz Pflicht?","datePublished":"2024-09-04T02:21:48+00:00","dateModified":"2026-03-02T07:34:43+00:00","mainEntityOfPage":{"@id":"https:\/\/rentalpanda.es\/mietwagen-mallorca-kindersitz\/"},"wordCount":1123,"commentCount":0,"publisher":{"@id":"https:\/\/rentalpanda.es\/en\/#organization"},"image":{"@id":"https:\/\/rentalpanda.es\/mietwagen-mallorca-kindersitz\/#primaryimage"},"thumbnailUrl":"https:\/\/rentalpanda.es\/wp-content\/uploads\/2024\/09\/mallorca_mietwagen_kindersitz.jpeg","keywords":["kindersitz mieten mallorca","kindersitz urlaub","mietwagen mallorca kindersitz","mietwagen mallorca kindersitz pflicht"],"articleSection":["Urlaubsartikel mieten"],"inLanguage":"en-GB","potentialAction":[{"@type":"CommentAction","name":"Comment","target":["https:\/\/rentalpanda.es\/mietwagen-mallorca-kindersitz\/#respond"]}]},{"@type":"WebPage","@id":"https:\/\/rentalpanda.es\/mietwagen-mallorca-kindersitz\/","url":"https:\/\/rentalpanda.es\/mietwagen-mallorca-kindersitz\/","name":"Mallorca Car Hire: Is a Child Seat Mandatory?","isPartOf":{"@id":"https:\/\/rentalpanda.es\/en\/#website"},"primaryImageOfPage":{"@id":"https:\/\/rentalpanda.es\/mietwagen-mallorca-kindersitz\/#primaryimage"},"image":{"@id":"https:\/\/rentalpanda.es\/mietwagen-mallorca-kindersitz\/#primaryimage"},"thumbnailUrl":"https:\/\/rentalpanda.es\/wp-content\/uploads\/2024\/09\/mallorca_mietwagen_kindersitz.jpeg","datePublished":"2024-09-04T02:21:48+00:00","dateModified":"2026-03-02T07:34:43+00:00","description":"Car Rental in Mallorca: Child Seat Required? Essential Guide to Child Safety in Mallorca Hire Cars + the Cheapest Options!","breadcrumb":{"@id":"https:\/\/rentalpanda.es\/mietwagen-mallorca-kindersitz\/#breadcrumb"},"inLanguage":"en-GB","potentialAction":[{"@type":"ReadAction","target":["https:\/\/rentalpanda.es\/mietwagen-mallorca-kindersitz\/"]}]},{"@type":"ImageObject","inLanguage":"en-GB","@id":"https:\/\/rentalpanda.es\/mietwagen-mallorca-kindersitz\/#primaryimage","url":"https:\/\/rentalpanda.es\/wp-content\/uploads\/2024\/09\/mallorca_mietwagen_kindersitz.jpeg","contentUrl":"https:\/\/rentalpanda.es\/wp-content\/uploads\/2024\/09\/mallorca_mietwagen_kindersitz.jpeg","width":1001,"height":585,"caption":"mallorca_mietwagen_kindersitz"},{"@type":"BreadcrumbList","@id":"https:\/\/rentalpanda.es\/mietwagen-mallorca-kindersitz\/#breadcrumb","itemListElement":[{"@type":"ListItem","position":1,"name":"Startseite","item":"https:\/\/rentalpanda.es\/"},{"@type":"ListItem","position":2,"name":"Mietwagen Mallorca: Ist der Kindersitz Pflicht?"}]},{"@type":"WebSite","@id":"https:\/\/rentalpanda.es\/en\/#website","url":"https:\/\/rentalpanda.es\/en\/","name":"RentalPanda.es","description":"Baby, Beach &amp; Holiday Gear for Rent","publisher":{"@id":"https:\/\/rentalpanda.es\/en\/#organization"},"potentialAction":[{"@type":"SearchAction","target":{"@type":"EntryPoint","urlTemplate":"https:\/\/rentalpanda.es\/en\/?s={search_term_string}"},"query-input":{"@type":"PropertyValueSpecification","valueRequired":true,"valueName":"search_term_string"}}],"inLanguage":"en-GB"},{"@type":"Organization","@id":"https:\/\/rentalpanda.es\/en\/#organization","name":"Rentalpanda.es","url":"https:\/\/rentalpanda.es\/en\/","logo":{"@type":"ImageObject","inLanguage":"en-GB","@id":"https:\/\/rentalpanda.es\/en\/#\/schema\/logo\/image\/","url":"https:\/\/rentalpanda.es\/wp-content\/uploads\/2017\/02\/rentalpanda-logo-webseite-end.png","contentUrl":"https:\/\/rentalpanda.es\/wp-content\/uploads\/2017\/02\/rentalpanda-logo-webseite-end.png","width":260,"height":71,"caption":"Rentalpanda.es"},"image":{"@id":"https:\/\/rentalpanda.es\/en\/#\/schema\/logo\/image\/"},"sameAs":["https:\/\/www.facebook.com\/rentalpandamallorca"]},{"@type":"Person","@id":"https:\/\/rentalpanda.es\/en\/#\/schema\/person\/da549bbd7f004e5c08bf3d1df1421606","name":"rentalpanda","image":{"@type":"ImageObject","inLanguage":"en-GB","@id":"https:\/\/rentalpanda.es\/en\/#\/schema\/person\/image\/","url":"https:\/\/rentalpanda.es\/wp-content\/litespeed\/avatar\/4a21927017bb45e230ffe8bbf21ba94d.jpg?ver=1776912473","contentUrl":"https:\/\/rentalpanda.es\/wp-content\/litespeed\/avatar\/4a21927017bb45e230ffe8bbf21ba94d.jpg?ver=1776912473","caption":"rentalpanda"}}]}},"_links":{"self":[{"href":"https:\/\/rentalpanda.es\/en\/wp-json\/wp\/v2\/posts\/18028","targetHints":{"allow":["GET"]}}],"collection":[{"href":"https:\/\/rentalpanda.es\/en\/wp-json\/wp\/v2\/posts"}],"about":[{"href":"https:\/\/rentalpanda.es\/en\/wp-json\/wp\/v2\/types\/post"}],"author":[{"embeddable":true,"href":"https:\/\/rentalpanda.es\/en\/wp-json\/wp\/v2\/users\/1"}],"replies":[{"embeddable":true,"href":"https:\/\/rentalpanda.es\/en\/wp-json\/wp\/v2\/comments?post=18028"}],"version-history":[{"count":24,"href":"https:\/\/rentalpanda.es\/en\/wp-json\/wp\/v2\/posts\/18028\/revisions"}],"predecessor-version":[{"id":23236,"href":"https:\/\/rentalpanda.es\/en\/wp-json\/wp\/v2\/posts\/18028\/revisions\/23236"}],"wp:featuredmedia":[{"embeddable":true,"href":"https:\/\/rentalpanda.es\/en\/wp-json\/wp\/v2\/media\/18072"}],"wp:attachment":[{"href":"https:\/\/rentalpanda.es\/en\/wp-json\/wp\/v2\/media?parent=18028"}],"wp:term":[{"taxonomy":"category","embeddable":true,"href":"https:\/\/rentalpanda.es\/en\/wp-json\/wp\/v2\/categories?post=18028"},{"taxonomy":"post_tag","embeddable":true,"href":"https:\/\/rentalpanda.es\/en\/wp-json\/wp\/v2\/tags?post=18028"}],"curies":[{"name":"wp","href":"https:\/\/api.w.org\/{rel}","templated":true}]}}